{"id":4382,"date":"2023-09-26T16:01:53","date_gmt":"2023-09-26T19:01:53","guid":{"rendered":"http:\/\/hdpnoticias.com.ar\/?p=4382"},"modified":"2023-09-26T16:01:55","modified_gmt":"2023-09-26T19:01:55","slug":"investigan-la-muerte-de-un-hombre-en-un-incendio-en-fontana","status":"publish","type":"post","link":"http:\/\/hdpnoticias.com.ar\/?p=4382","title":{"rendered":"Investigan la muerte de un hombre en un incendio en Fontana"},"content":{"rendered":"\n<p>Nelson Alejandro Ben\u00edtez, de 33 a\u00f1os, muri\u00f3 la madrugada de este martes en el incendio de su casa en el barrio Balastro 2, de Fontana.<\/p>\n\n\n\n<p>Su madre dio aviso a la Polic\u00eda al advertir el incendio, y dijo estar convencida de que su hijo estaba en el interior.<\/p>\n\n\n\n<p>Bomberos de la Polic\u00eda y Voluntarios de Fontana acudieron al lugar y extinguieron el fuego, pero no lograron rescatar al hombre que termin\u00f3 incinerado. &nbsp;<\/p>\n\n\n\n<p>La fiscal Lili\u00e1n Irala instruy\u00f3 las primeras pericias para esclarecer el hecho que, por el momento, fue caratulado como \u201cmuerte dudosa\u201d. Intentan determinar la causa de la muete y c\u00f3mo se origin\u00f3 el incendio.<\/p>\n","protected":false},"excerpt":{"rendered":"<p>Nelson Alejandro Ben\u00edtez, de 33 a\u00f1os, muri\u00f3 la madrugada de este martes en el incendio de su casa en el barrio Balastro 2, de Fontana. Su madre dio aviso a la Polic\u00eda al advertir el incendio, y dijo estar convencida de que su hijo estaba en el interior. Bomberos de la Polic\u00eda y Voluntarios de [&hellip;]<\/p>\n","protected":false},"author":1,"featured_media":4383,"comment_status":"open","ping_status":"open","sticky":false,"template":"","format":"standard","meta":{"footnotes":""},"categories":[26],"tags":[2563,309,75,307,1767],"class_list":["post-4382","post","type-post","status-publish","format-standard","has-post-thumbnail","hentry","category-policiales","tag-balastro","tag-bomberos","tag-fontana","tag-incendio","tag-muerte-dudosa"],"_links":{"self":[{"href":"http:\/\/hdpnoticias.com.ar\/index.php?rest_route=\/wp\/v2\/posts\/4382","targetHints":{"allow":["GET"]}}],"collection":[{"href":"http:\/\/hdpnoticias.com.ar\/index.php?rest_route=\/wp\/v2\/posts"}],"about":[{"href":"http:\/\/hdpnoticias.com.ar\/index.php?rest_route=\/wp\/v2\/types\/post"}],"author":[{"embeddable":true,"href":"http:\/\/hdpnoticias.com.ar\/index.php?rest_route=\/wp\/v2\/users\/1"}],"replies":[{"embeddable":true,"href":"http:\/\/hdpnoticias.com.ar\/index.php?rest_route=%2Fwp%2Fv2%2Fcomments&post=4382"}],"version-history":[{"count":1,"href":"http:\/\/hdpnoticias.com.ar\/index.php?rest_route=\/wp\/v2\/posts\/4382\/revisions"}],"predecessor-version":[{"id":4384,"href":"http:\/\/hdpnoticias.com.ar\/index.php?rest_route=\/wp\/v2\/posts\/4382\/revisions\/4384"}],"wp:featuredmedia":[{"embeddable":true,"href":"http:\/\/hdpnoticias.com.ar\/index.php?rest_route=\/wp\/v2\/media\/4383"}],"wp:attachment":[{"href":"http:\/\/hdpnoticias.com.ar\/index.php?rest_route=%2Fwp%2Fv2%2Fmedia&parent=4382"}],"wp:term":[{"taxonomy":"category","embeddable":true,"href":"http:\/\/hdpnoticias.com.ar\/index.php?rest_route=%2Fwp%2Fv2%2Fcategories&post=4382"},{"taxonomy":"post_tag","embeddable":true,"href":"http:\/\/hdpnoticias.com.ar\/index.php?rest_route=%2Fwp%2Fv2%2Ftags&post=4382"}],"curies":[{"name":"wp","href":"https:\/\/api.w.org\/{rel}","templated":true}]}}