{"id":4376,"date":"2023-09-26T06:56:14","date_gmt":"2023-09-26T09:56:14","guid":{"rendered":"http:\/\/hdpnoticias.com.ar\/?p=4376"},"modified":"2023-09-26T07:09:52","modified_gmt":"2023-09-26T10:09:52","slug":"intendentes-coquistas-quieren-marcarle-la-cancha-a-zdero-exigen-que-cumpla-las-promesas-de-capitanich","status":"publish","type":"post","link":"http:\/\/hdpnoticias.com.ar\/?p=4376","title":{"rendered":"Intendentes coquistas quieren marcarle la cancha a Zdero: exigen que cumpla las promesas de Capitanich"},"content":{"rendered":"\n<p>El Foro de Intendentes del PJ se reuni\u00f3 la noche del lunes en la sede del Partido Justicialista, en Resistencia, presidido por el intendente de Machagai: Juan Garc\u00eda, para plantear la postura a asumir en su nuevo rol de opositor tras la derrota del Frente Chaque\u00f1o que pretend\u00eda la reelecci\u00f3n de Jorge Capitanich. Tambi\u00e9n particip\u00f3 la <strong><a href=\"http:\/\/hdpnoticias.com.ar\/?p=2274\">secretaria de Municipios de la Provincia: Beatriz Bogado<\/a><\/strong>.<\/p>\n\n\n\n<p>En un claro mensaje al gobernador electo: el diputado radical Leandro Zdero, de Juntos por el Cambio, dijeron que no cejar\u00e1n bajo ninguna circunstancia en el plan que vienen desarrollando con Capitanich al frente del Gobierno provincial.<\/p>\n\n\n\n<p>As\u00ed se adelantaron a \u201ccualquier discriminaci\u00f3n\u201d que pudieran sufrir por su pertenencia a la oposici\u00f3n, y exigen que Zdero respete a los intendentes de otro signo pol\u00edtico \u201ccomo lo hizo Capitanich\u201d, quien, aseguran, jam\u00e1s repar\u00f3 en eso.<\/p>\n\n\n\n<p>Para empezar, ratificaron el \u201cliderazgo\u201d de Capitanich, y dijeron que van a exigir a su sucesor la continuidad de las obras que est\u00e1n en ejecuci\u00f3n y las que ya fueron acordadas por \u00e9l.<\/p>\n\n\n\n<p>Entre estas \u00faltimas est\u00e1n las del \u201cPacto Federal\u201d que firmaron en el \u00faltimo tramo de la campa\u00f1a proselitista, en la que Capitanich les prometi\u00f3 una gran cantidad de obras, sin precisar fuente de financiamiento.<\/p>\n\n\n\n<p><strong><a href=\"http:\/\/hdpnoticias.com.ar\/?p=4114\">\u201cVamos juntos\u201d, hab\u00eda insistido ese d\u00eda el gobernador, dejando a la vista el mero objetivo de evitar el corte de boleta<\/a><\/strong> en municipios en los que la intenci\u00f3n de voto lo ubicaba por debajo de sus jefes comunales que iban por la reelecci\u00f3n. Pero el objetivo finalmente no se cumpli\u00f3 y el corte volvi\u00f3 a ser protagonista y se repiti\u00f3 la derrota oficialista de las Paso de junio.<\/p>\n\n\n\n<p>Mientras, dijeron que seguir\u00e1n en la campa\u00f1a para las elecciones municipales pendientes en Resistencia, Makall\u00e9 y Quitilipi, y las complementarias en una mesa de La Escondida, donde impulsar\u00e1n a los candidatos del Frente Chaque\u00f1o.<\/p>\n\n\n\n<p>Tambi\u00e9n prometieron dejar todo en la campa\u00f1a para lograr un triunfo del ministro de Econom\u00eda: Sergio Massa, en las presidenciales del 22 de octubre. Y aspiran a reunirse con \u00e9l despu\u00e9s que lo haga Capitanich.<\/p>\n\n\n\n<p><strong>Los piqueteros tambi\u00e9n<\/strong><\/p>\n\n\n\n<p>Los movimientos sociales tambi\u00e9n se adelantaron para exigirle una inmediata audiencia al gobernador electo y las garant\u00edas de que dar\u00e1 continuidad a la relaci\u00f3n que mantienen con el actual: Jorge Capitanich.<\/p>\n\n\n\n<p>El dirigente piquetero Tito L\u00f3pez, incluso le puso plazos: <strong><a href=\"http:\/\/hdpnoticias.com.ar\/?p=4286\">\u201cTiene que ser antes del 10 de diciembre, despu\u00e9s ya va a ser tarde\u201d<\/a><\/strong>, dijo, y advirti\u00f3 que \u201csi no, va a tener toda la gente en la calle\u201d.<\/p>\n","protected":false},"excerpt":{"rendered":"<p>El Foro de Intendentes del PJ se reuni\u00f3 la noche del lunes en la sede del Partido Justicialista, en Resistencia, presidido por el intendente de Machagai: Juan Garc\u00eda, para plantear la postura a asumir en su nuevo rol de opositor tras la derrota del Frente Chaque\u00f1o que pretend\u00eda la reelecci\u00f3n de Jorge Capitanich. Tambi\u00e9n particip\u00f3 [&hellip;]<\/p>\n","protected":false},"author":1,"featured_media":4377,"comment_status":"open","ping_status":"open","sticky":false,"template":"","format":"standard","meta":{"footnotes":""},"categories":[27],"tags":[29,2560,2562,1052,1051,1583,249,265,791,2561,2559],"class_list":["post-4376","post","type-post","status-publish","format-standard","has-post-thumbnail","hentry","category-politica","tag-capitanich","tag-cirte-de-biketa","tag-foro","tag-frente-chaqueno","tag-intendentes","tag-juntos","tag-paso","tag-piqueteros","tag-promesas","tag-promeses","tag-zdereo"],"_links":{"self":[{"href":"http:\/\/hdpnoticias.com.ar\/index.php?rest_route=\/wp\/v2\/posts\/4376","targetHints":{"allow":["GET"]}}],"collection":[{"href":"http:\/\/hdpnoticias.com.ar\/index.php?rest_route=\/wp\/v2\/posts"}],"about":[{"href":"http:\/\/hdpnoticias.com.ar\/index.php?rest_route=\/wp\/v2\/types\/post"}],"author":[{"embeddable":true,"href":"http:\/\/hdpnoticias.com.ar\/index.php?rest_route=\/wp\/v2\/users\/1"}],"replies":[{"embeddable":true,"href":"http:\/\/hdpnoticias.com.ar\/index.php?rest_route=%2Fwp%2Fv2%2Fcomments&post=4376"}],"version-history":[{"count":4,"href":"http:\/\/hdpnoticias.com.ar\/index.php?rest_route=\/wp\/v2\/posts\/4376\/revisions"}],"predecessor-version":[{"id":4381,"href":"http:\/\/hdpnoticias.com.ar\/index.php?rest_route=\/wp\/v2\/posts\/4376\/revisions\/4381"}],"wp:featuredmedia":[{"embeddable":true,"href":"http:\/\/hdpnoticias.com.ar\/index.php?rest_route=\/wp\/v2\/media\/4377"}],"wp:attachment":[{"href":"http:\/\/hdpnoticias.com.ar\/index.php?rest_route=%2Fwp%2Fv2%2Fmedia&parent=4376"}],"wp:term":[{"taxonomy":"category","embeddable":true,"href":"http:\/\/hdpnoticias.com.ar\/index.php?rest_route=%2Fwp%2Fv2%2Fcategories&post=4376"},{"taxonomy":"post_tag","embeddable":true,"href":"http:\/\/hdpnoticias.com.ar\/index.php?rest_route=%2Fwp%2Fv2%2Ftags&post=4376"}],"curies":[{"name":"wp","href":"https:\/\/api.w.org\/{rel}","templated":true}]}}