{"id":4299,"date":"2023-09-20T15:17:27","date_gmt":"2023-09-20T18:17:27","guid":{"rendered":"http:\/\/hdpnoticias.com.ar\/?p=4299"},"modified":"2023-10-23T07:56:15","modified_gmt":"2023-10-23T10:56:15","slug":"capitanich-tomo-una-semana-de-licencia-tras-la-derrota-electoral","status":"publish","type":"post","link":"http:\/\/hdpnoticias.com.ar\/?p=4299","title":{"rendered":"Capitanich tom\u00f3 una semana de licencia tras la derrota electoral"},"content":{"rendered":"\n<p>El gobernador Jorge Capitanich se decret\u00f3 una semana de licencia tras los comicios del \u00faltimo domingo, en las que buscaba su reelecci\u00f3n pero fue derrotado en primera vuelta por el diputado radical Leandro Zdero, de Juntos por el Cambio.<\/p>\n\n\n\n<p>El martes se reuni\u00f3n con el gobernador electo para acordar las pautas y dar por iniciado el per\u00edodo de transici\u00f3n hacia el traspaso del mando del pr\u00f3ximo 10 de diciembre.<\/p>\n\n\n\n<p>Terminada la reuni\u00f3n, Capitanich dej\u00f3 el Gobierno en manos de la vicegobernadora Anal\u00eda Rach Quiroga y, seg\u00fan inform\u00f3 el Gobierno, retomar\u00e1 el control la pr\u00f3xima semana.<\/p>\n\n\n\n<p>Tambi\u00e9n aclaran que no ser\u00e1 una &#8220;ausencia prolongada&#8221;, sino s\u00f3lo lo necesario para reponer energ\u00edas despu\u00e9s del intento traj\u00edn del \u00faltimo tramo de la campa\u00f1a proselitista.<\/p>\n","protected":false},"excerpt":{"rendered":"<p>El gobernador Jorge Capitanich se decret\u00f3 una semana de licencia tras los comicios del \u00faltimo domingo, en las que buscaba su reelecci\u00f3n pero fue derrotado en primera vuelta por el diputado radical Leandro Zdero, de Juntos por el Cambio. El martes se reuni\u00f3n con el gobernador electo para acordar las pautas y dar por iniciado [&hellip;]<\/p>\n","protected":false},"author":1,"featured_media":4300,"comment_status":"open","ping_status":"open","sticky":false,"template":"","format":"standard","meta":{"footnotes":""},"categories":[27],"tags":[29,2508,246,244,450,571,350,921],"class_list":["post-4299","post","type-post","status-publish","format-standard","has-post-thumbnail","hentry","category-politica","tag-capitanich","tag-derrota","tag-elecciones","tag-gobernador","tag-juntos-por-el-cambio","tag-radical","tag-reeleccion","tag-zdero"],"_links":{"self":[{"href":"http:\/\/hdpnoticias.com.ar\/index.php?rest_route=\/wp\/v2\/posts\/4299","targetHints":{"allow":["GET"]}}],"collection":[{"href":"http:\/\/hdpnoticias.com.ar\/index.php?rest_route=\/wp\/v2\/posts"}],"about":[{"href":"http:\/\/hdpnoticias.com.ar\/index.php?rest_route=\/wp\/v2\/types\/post"}],"author":[{"embeddable":true,"href":"http:\/\/hdpnoticias.com.ar\/index.php?rest_route=\/wp\/v2\/users\/1"}],"replies":[{"embeddable":true,"href":"http:\/\/hdpnoticias.com.ar\/index.php?rest_route=%2Fwp%2Fv2%2Fcomments&post=4299"}],"version-history":[{"count":3,"href":"http:\/\/hdpnoticias.com.ar\/index.php?rest_route=\/wp\/v2\/posts\/4299\/revisions"}],"predecessor-version":[{"id":4769,"href":"http:\/\/hdpnoticias.com.ar\/index.php?rest_route=\/wp\/v2\/posts\/4299\/revisions\/4769"}],"wp:featuredmedia":[{"embeddable":true,"href":"http:\/\/hdpnoticias.com.ar\/index.php?rest_route=\/wp\/v2\/media\/4300"}],"wp:attachment":[{"href":"http:\/\/hdpnoticias.com.ar\/index.php?rest_route=%2Fwp%2Fv2%2Fmedia&parent=4299"}],"wp:term":[{"taxonomy":"category","embeddable":true,"href":"http:\/\/hdpnoticias.com.ar\/index.php?rest_route=%2Fwp%2Fv2%2Fcategories&post=4299"},{"taxonomy":"post_tag","embeddable":true,"href":"http:\/\/hdpnoticias.com.ar\/index.php?rest_route=%2Fwp%2Fv2%2Ftags&post=4299"}],"curies":[{"name":"wp","href":"https:\/\/api.w.org\/{rel}","templated":true}]}}