{"id":4275,"date":"2023-09-19T15:16:38","date_gmt":"2023-09-19T18:16:38","guid":{"rendered":"http:\/\/hdpnoticias.com.ar\/?p=4275"},"modified":"2023-09-19T15:36:50","modified_gmt":"2023-09-19T18:36:50","slug":"capitanich-y-zdero-dieron-inicio-a-la-transicion","status":"publish","type":"post","link":"http:\/\/hdpnoticias.com.ar\/?p=4275","title":{"rendered":"Capitanich y Zdero dieron inicio a la transici\u00f3n"},"content":{"rendered":"\n<p>El gobernador Jorge Capitanich y la vicegobernadora Anal\u00eda Rach Quiroga recibieron este martes al gobernador electo Leandro Zdero, en el inicio de la transici\u00f3n hacia el 10 de diciembre.<\/p>\n\n\n\n<p>Tras esta reuni\u00f3n, comenzar\u00e1 el intercambio de informaci\u00f3n entre los integrantes del equipo del diputado radical y los actuales funcionarios del gabinete provincial.<\/p>\n\n\n\n<p>El proceso fue anunciado por el mismo Capitanich la noche del domingo, cuando alrededor de las 21:30 admiti\u00f3 en conferencia de prensa el triunfo de Zdero, de Juntos por el Cambio, en primera vuelta.<\/p>\n\n\n\n<p>En ese acto asever\u00f3 que su gesti\u00f3n no adoptar\u00e1 ninguna medida que comprometa al pr\u00f3ximo gobierno sin las consultas respectivas.<\/p>\n\n\n\n<p>Por su parte, Zdero consider\u00f3 que la transici\u00f3n debe ser ordenada y amigable, peor avis\u00f3: \u201cNo cederemos ni un cent\u00edmetro\u201d.<\/p>\n","protected":false},"excerpt":{"rendered":"<p>El gobernador Jorge Capitanich y la vicegobernadora Anal\u00eda Rach Quiroga recibieron este martes al gobernador electo Leandro Zdero, en el inicio de la transici\u00f3n hacia el 10 de diciembre. Tras esta reuni\u00f3n, comenzar\u00e1 el intercambio de informaci\u00f3n entre los integrantes del equipo del diputado radical y los actuales funcionarios del gabinete provincial. El proceso fue [&hellip;]<\/p>\n","protected":false},"author":1,"featured_media":4278,"comment_status":"open","ping_status":"open","sticky":false,"template":"","format":"standard","meta":{"footnotes":""},"categories":[27],"tags":[29,1052,244,450,1279,2525,921],"class_list":["post-4275","post","type-post","status-publish","format-standard","has-post-thumbnail","hentry","category-politica","tag-capitanich","tag-frente-chaqueno","tag-gobernador","tag-juntos-por-el-cambio","tag-rach-quiroga","tag-transicion","tag-zdero"],"_links":{"self":[{"href":"http:\/\/hdpnoticias.com.ar\/index.php?rest_route=\/wp\/v2\/posts\/4275","targetHints":{"allow":["GET"]}}],"collection":[{"href":"http:\/\/hdpnoticias.com.ar\/index.php?rest_route=\/wp\/v2\/posts"}],"about":[{"href":"http:\/\/hdpnoticias.com.ar\/index.php?rest_route=\/wp\/v2\/types\/post"}],"author":[{"embeddable":true,"href":"http:\/\/hdpnoticias.com.ar\/index.php?rest_route=\/wp\/v2\/users\/1"}],"replies":[{"embeddable":true,"href":"http:\/\/hdpnoticias.com.ar\/index.php?rest_route=%2Fwp%2Fv2%2Fcomments&post=4275"}],"version-history":[{"count":1,"href":"http:\/\/hdpnoticias.com.ar\/index.php?rest_route=\/wp\/v2\/posts\/4275\/revisions"}],"predecessor-version":[{"id":4277,"href":"http:\/\/hdpnoticias.com.ar\/index.php?rest_route=\/wp\/v2\/posts\/4275\/revisions\/4277"}],"wp:featuredmedia":[{"embeddable":true,"href":"http:\/\/hdpnoticias.com.ar\/index.php?rest_route=\/wp\/v2\/media\/4278"}],"wp:attachment":[{"href":"http:\/\/hdpnoticias.com.ar\/index.php?rest_route=%2Fwp%2Fv2%2Fmedia&parent=4275"}],"wp:term":[{"taxonomy":"category","embeddable":true,"href":"http:\/\/hdpnoticias.com.ar\/index.php?rest_route=%2Fwp%2Fv2%2Fcategories&post=4275"},{"taxonomy":"post_tag","embeddable":true,"href":"http:\/\/hdpnoticias.com.ar\/index.php?rest_route=%2Fwp%2Fv2%2Ftags&post=4275"}],"curies":[{"name":"wp","href":"https:\/\/api.w.org\/{rel}","templated":true}]}}