{"id":4252,"date":"2023-09-18T07:46:26","date_gmt":"2023-09-18T10:46:26","guid":{"rendered":"http:\/\/hdpnoticias.com.ar\/?p=4252"},"modified":"2023-10-23T07:59:58","modified_gmt":"2023-10-23T10:59:58","slug":"magda-si-coqui-no-otro-espectacular-corte-de-boleta-en-barranqueras","status":"publish","type":"post","link":"http:\/\/hdpnoticias.com.ar\/?p=4252","title":{"rendered":"Magda s\u00ed, Coqui no: otro espectacular corte de boleta en Barranqueras"},"content":{"rendered":"\n<p>La intendente de Barranqueras. Magda Ayala, logr\u00f3 su reelecci\u00f3n por el Frente Chaque\u00f1o al duplicar en votos a la exintendente Alicia Azula, candidata de Juntos por el Cambio.<\/p>\n\n\n\n<p>En la categor\u00eda Gobernador y Vice, el gobernador Jorge Capitanich se impuso al diputado radical Leandro Zdero, que finalmente se result\u00f3 electo en la suma de toda la provincia.<\/p>\n\n\n\n<p>Pero m\u00e1s all\u00e1 de los nombres propios, el corte de boleta volvi\u00f3 a ser protagonista, <strong><a href=\"http:\/\/hdpnoticias.com.ar\/?p=2765\">como ocurri\u00f3 en las primarias, abiertas, simult\u00e1neas y obligatorias de junio<\/a><\/strong>, cuando la intendente super\u00f3 al gobernador por 3.500 votos.<\/p>\n\n\n\n<p>En las generales de este domingo Magda Ayala alarg\u00f3 la distancia: consigui\u00f3 19.960 votos, mientras Capitanich sum\u00f3 15.410 y fue superado incluso por su propia lista de candidatos a diputados provinciales que acumul\u00f3 15.660.<\/p>\n\n\n\n<p>La intendente obtuvo tambi\u00e9n casi 2 mil votos m\u00e1s que los candidatos a concejales del Frente Chaque\u00f1o, que lograron 17.989.<\/p>\n\n\n\n<p>Este corte de boleta en el oficialismo tuvo su correlato en el escrutinio de Juntos por el Cambio, donde Zdero obtuvo 14.303, sus diputados provinciales 12.683, Azula 9.939 y los candidatos a concejales 10.076.<\/p>\n","protected":false},"excerpt":{"rendered":"<p>La intendente de Barranqueras. Magda Ayala, logr\u00f3 su reelecci\u00f3n por el Frente Chaque\u00f1o al duplicar en votos a la exintendente Alicia Azula, candidata de Juntos por el Cambio. En la categor\u00eda Gobernador y Vice, el gobernador Jorge Capitanich se impuso al diputado radical Leandro Zdero, que finalmente se result\u00f3 electo en la suma de toda [&hellip;]<\/p>\n","protected":false},"author":1,"featured_media":4253,"comment_status":"open","ping_status":"open","sticky":false,"template":"","format":"standard","meta":{"footnotes":""},"categories":[27],"tags":[392,2509,53,29,37,1882,246,1881,921],"class_list":["post-4252","post","type-post","status-publish","format-standard","has-post-thumbnail","hentry","category-politica","tag-ayala","tag-azula","tag-barranqueras","tag-capitanich","tag-chaco","tag-corte-de-boleta","tag-elecciones","tag-magda","tag-zdero"],"_links":{"self":[{"href":"http:\/\/hdpnoticias.com.ar\/index.php?rest_route=\/wp\/v2\/posts\/4252","targetHints":{"allow":["GET"]}}],"collection":[{"href":"http:\/\/hdpnoticias.com.ar\/index.php?rest_route=\/wp\/v2\/posts"}],"about":[{"href":"http:\/\/hdpnoticias.com.ar\/index.php?rest_route=\/wp\/v2\/types\/post"}],"author":[{"embeddable":true,"href":"http:\/\/hdpnoticias.com.ar\/index.php?rest_route=\/wp\/v2\/users\/1"}],"replies":[{"embeddable":true,"href":"http:\/\/hdpnoticias.com.ar\/index.php?rest_route=%2Fwp%2Fv2%2Fcomments&post=4252"}],"version-history":[{"count":4,"href":"http:\/\/hdpnoticias.com.ar\/index.php?rest_route=\/wp\/v2\/posts\/4252\/revisions"}],"predecessor-version":[{"id":4773,"href":"http:\/\/hdpnoticias.com.ar\/index.php?rest_route=\/wp\/v2\/posts\/4252\/revisions\/4773"}],"wp:featuredmedia":[{"embeddable":true,"href":"http:\/\/hdpnoticias.com.ar\/index.php?rest_route=\/wp\/v2\/media\/4253"}],"wp:attachment":[{"href":"http:\/\/hdpnoticias.com.ar\/index.php?rest_route=%2Fwp%2Fv2%2Fmedia&parent=4252"}],"wp:term":[{"taxonomy":"category","embeddable":true,"href":"http:\/\/hdpnoticias.com.ar\/index.php?rest_route=%2Fwp%2Fv2%2Fcategories&post=4252"},{"taxonomy":"post_tag","embeddable":true,"href":"http:\/\/hdpnoticias.com.ar\/index.php?rest_route=%2Fwp%2Fv2%2Ftags&post=4252"}],"curies":[{"name":"wp","href":"https:\/\/api.w.org\/{rel}","templated":true}]}}