{"id":4244,"date":"2023-09-17T22:24:19","date_gmt":"2023-09-18T01:24:19","guid":{"rendered":"http:\/\/hdpnoticias.com.ar\/?p=4244"},"modified":"2023-10-23T08:01:52","modified_gmt":"2023-10-23T11:01:52","slug":"zdero-es-el-nuevo-gobernador-el-10-de-diciembre-comienza-un-chaco-para-todos","status":"publish","type":"post","link":"http:\/\/hdpnoticias.com.ar\/?p=4244","title":{"rendered":"Zdero es el nuevo gobernador: El 10 de diciembre comienza un Chaco para todos"},"content":{"rendered":"\n<p>El diputado provincial radical Leandro Zdero, de Juntos por el Cambio, fue electo gobernador de Chaco en primera vuelta al superar el 46% de los votos, superando al gobernador Jorge Capitanich, del Frente Chaque\u00f1o, que alcanz\u00f3 el 40.<\/p>\n\n\n\n<p>Celebr\u00f3 el triunfo junto a la vicegobernadora electa: Silvana Schneider; a la candidata a presidente de Juntos por el Cambio: Patricia Bullrich, al gobernador de Corrientes: Gustavo Vald\u00e9s, y legisladores nacionales y provinciales.<\/p>\n\n\n\n<p>\u201cEste triunfo fue un grito de libertad y esperanza\u201d, describi\u00f3 Zdero al subrayar la decisi\u00f3n de cambio del electorado chaque\u00f1o despu\u00e9s de 4 gestiones del frente liderado por Capitanich.<\/p>\n\n\n\n<p>\u201cEl 10 de diciembre comienza un nuevo Chaco, un Chaco para todos\u201d, dijo, y prometi\u00f3 abordar los problemas estructurales de la educaci\u00f3n, la salud y la seguridad, entre otros aspectos clave que considera que hay que \u201creparar\u201d.<\/p>\n\n\n\n<p>\u201cVenimos a reparar la provincia\u201d, anunci\u00f3, y confirm\u00f3 que este mismo lunes comienza la transici\u00f3n, tal como lo <strong><a href=\"http:\/\/hdpnoticias.com.ar\/?p=4241\">hab\u00eda adelantado Capitanich instantes antes al reconocer la derrota<\/a><\/strong>.<\/p>\n","protected":false},"excerpt":{"rendered":"<p>El diputado provincial radical Leandro Zdero, de Juntos por el Cambio, fue electo gobernador de Chaco en primera vuelta al superar el 46% de los votos, superando al gobernador Jorge Capitanich, del Frente Chaque\u00f1o, que alcanz\u00f3 el 40. Celebr\u00f3 el triunfo junto a la vicegobernadora electa: Silvana Schneider; a la candidata a presidente de Juntos [&hellip;]<\/p>\n","protected":false},"author":1,"featured_media":4245,"comment_status":"open","ping_status":"open","sticky":false,"template":"","format":"standard","meta":{"footnotes":""},"categories":[27],"tags":[29,37,244,36,450,571,165,921],"class_list":["post-4244","post","type-post","status-publish","format-standard","has-post-thumbnail","hentry","category-politica","tag-capitanich","tag-chaco","tag-gobernador","tag-gobierno","tag-juntos-por-el-cambio","tag-radical","tag-valdes","tag-zdero"],"_links":{"self":[{"href":"http:\/\/hdpnoticias.com.ar\/index.php?rest_route=\/wp\/v2\/posts\/4244","targetHints":{"allow":["GET"]}}],"collection":[{"href":"http:\/\/hdpnoticias.com.ar\/index.php?rest_route=\/wp\/v2\/posts"}],"about":[{"href":"http:\/\/hdpnoticias.com.ar\/index.php?rest_route=\/wp\/v2\/types\/post"}],"author":[{"embeddable":true,"href":"http:\/\/hdpnoticias.com.ar\/index.php?rest_route=\/wp\/v2\/users\/1"}],"replies":[{"embeddable":true,"href":"http:\/\/hdpnoticias.com.ar\/index.php?rest_route=%2Fwp%2Fv2%2Fcomments&post=4244"}],"version-history":[{"count":4,"href":"http:\/\/hdpnoticias.com.ar\/index.php?rest_route=\/wp\/v2\/posts\/4244\/revisions"}],"predecessor-version":[{"id":4775,"href":"http:\/\/hdpnoticias.com.ar\/index.php?rest_route=\/wp\/v2\/posts\/4244\/revisions\/4775"}],"wp:featuredmedia":[{"embeddable":true,"href":"http:\/\/hdpnoticias.com.ar\/index.php?rest_route=\/wp\/v2\/media\/4245"}],"wp:attachment":[{"href":"http:\/\/hdpnoticias.com.ar\/index.php?rest_route=%2Fwp%2Fv2%2Fmedia&parent=4244"}],"wp:term":[{"taxonomy":"category","embeddable":true,"href":"http:\/\/hdpnoticias.com.ar\/index.php?rest_route=%2Fwp%2Fv2%2Fcategories&post=4244"},{"taxonomy":"post_tag","embeddable":true,"href":"http:\/\/hdpnoticias.com.ar\/index.php?rest_route=%2Fwp%2Fv2%2Ftags&post=4244"}],"curies":[{"name":"wp","href":"https:\/\/api.w.org\/{rel}","templated":true}]}}