{"id":4235,"date":"2023-09-17T16:06:35","date_gmt":"2023-09-17T19:06:35","guid":{"rendered":"http:\/\/hdpnoticias.com.ar\/?p=4235"},"modified":"2023-09-17T16:06:37","modified_gmt":"2023-09-17T19:06:37","slug":"zdero-ve-el-fin-de-un-ciclo-plagado-de-mentiras","status":"publish","type":"post","link":"http:\/\/hdpnoticias.com.ar\/?p=4235","title":{"rendered":"Zdero ve \u201cel fin de un ciclo plagado de mentiras\u201d"},"content":{"rendered":"\n<p>El diputado radical Leandro Zdero, candidato a gobernador por Juntos por el Cambio, se mostro confiado al emitir su voto este domingo, basado principalmente en el triunfo de su frente en las Paso de junio.<\/p>\n\n\n\n<p>\u201cEs un momento hist\u00f3rico para los chaque\u00f1os porque la democracia nos da la posibilidad de elegir. Hay un fin de ciclo con demasiados a\u00f1os de mentira&#8221;, dijo al invitar a votar y \u201cque el voto sea un grito de libertad y esperanza&#8221;.<\/p>\n\n\n\n<p>&#8220;El arma m\u00e1s poderosa que tiene el pueblo es el voto para frenar la impunidad del uso de los recursos del Estado para campa\u00f1as electorales&#8221;, remarc\u00f3, en obvia alusi\u00f3n a su principal adversario, el gobernador Jorge Capitanich, candidato a la reelecci\u00f3n por el Frente Chaque\u00f1o.<\/p>\n","protected":false},"excerpt":{"rendered":"<p>El diputado radical Leandro Zdero, candidato a gobernador por Juntos por el Cambio, se mostro confiado al emitir su voto este domingo, basado principalmente en el triunfo de su frente en las Paso de junio. \u201cEs un momento hist\u00f3rico para los chaque\u00f1os porque la democracia nos da la posibilidad de elegir. Hay un fin de [&hellip;]<\/p>\n","protected":false},"author":1,"featured_media":4236,"comment_status":"open","ping_status":"open","sticky":false,"template":"","format":"standard","meta":{"footnotes":""},"categories":[27],"tags":[29,246,1052,450,350,921],"class_list":["post-4235","post","type-post","status-publish","format-standard","has-post-thumbnail","hentry","category-politica","tag-capitanich","tag-elecciones","tag-frente-chaqueno","tag-juntos-por-el-cambio","tag-reeleccion","tag-zdero"],"_links":{"self":[{"href":"http:\/\/hdpnoticias.com.ar\/index.php?rest_route=\/wp\/v2\/posts\/4235","targetHints":{"allow":["GET"]}}],"collection":[{"href":"http:\/\/hdpnoticias.com.ar\/index.php?rest_route=\/wp\/v2\/posts"}],"about":[{"href":"http:\/\/hdpnoticias.com.ar\/index.php?rest_route=\/wp\/v2\/types\/post"}],"author":[{"embeddable":true,"href":"http:\/\/hdpnoticias.com.ar\/index.php?rest_route=\/wp\/v2\/users\/1"}],"replies":[{"embeddable":true,"href":"http:\/\/hdpnoticias.com.ar\/index.php?rest_route=%2Fwp%2Fv2%2Fcomments&post=4235"}],"version-history":[{"count":1,"href":"http:\/\/hdpnoticias.com.ar\/index.php?rest_route=\/wp\/v2\/posts\/4235\/revisions"}],"predecessor-version":[{"id":4237,"href":"http:\/\/hdpnoticias.com.ar\/index.php?rest_route=\/wp\/v2\/posts\/4235\/revisions\/4237"}],"wp:featuredmedia":[{"embeddable":true,"href":"http:\/\/hdpnoticias.com.ar\/index.php?rest_route=\/wp\/v2\/media\/4236"}],"wp:attachment":[{"href":"http:\/\/hdpnoticias.com.ar\/index.php?rest_route=%2Fwp%2Fv2%2Fmedia&parent=4235"}],"wp:term":[{"taxonomy":"category","embeddable":true,"href":"http:\/\/hdpnoticias.com.ar\/index.php?rest_route=%2Fwp%2Fv2%2Fcategories&post=4235"},{"taxonomy":"post_tag","embeddable":true,"href":"http:\/\/hdpnoticias.com.ar\/index.php?rest_route=%2Fwp%2Fv2%2Ftags&post=4235"}],"curies":[{"name":"wp","href":"https:\/\/api.w.org\/{rel}","templated":true}]}}