{"id":4209,"date":"2023-09-15T20:19:33","date_gmt":"2023-09-15T23:19:33","guid":{"rendered":"http:\/\/hdpnoticias.com.ar\/?p=4209"},"modified":"2023-09-15T20:19:35","modified_gmt":"2023-09-15T23:19:35","slug":"el-intendente-de-la-verde-denuncio-el-robo-de-500-mil-pesos-en-su-casa","status":"publish","type":"post","link":"http:\/\/hdpnoticias.com.ar\/?p=4209","title":{"rendered":"El intendente de La Verde denunci\u00f3 el robo de 500 mil pesos en su casa"},"content":{"rendered":"\n<p>El intendente de La Verde: Ram\u00f3n Ra\u00fal Pe\u00f1a, fue v\u00edctima del robo de medio mill\u00f3n de pesos a manos de 3 delincuentes que ingresaron a su casa la noche del jueves.<\/p>\n\n\n\n<p>El hijo del intendente dijo que al regresar a la vivienda, alrededor de las 23, vio a 3 delincuentes escapando a trav\u00e9s de los patios de las casas vecinas, y que al ingresar a la vivienda not\u00f3 que hab\u00eda desaparecido un portafolio con 500 mil pesos y 2 tarjetas de cr\u00e9dito de su padre.<\/p>\n\n\n\n<p>Los investigadores intentan corroborar la versi\u00f3n a partir de testimonios de los vecinos que pudieron haber sido testigos del hecho.<\/p>\n\n\n\n<p>Pe\u00f1a buscar\u00e1 este domingo la reelecci\u00f3n como candidato del Frente Chaque\u00f1o que encabeza el gobernador Jorge Capitanich.<\/p>\n","protected":false},"excerpt":{"rendered":"<p>El intendente de La Verde: Ram\u00f3n Ra\u00fal Pe\u00f1a, fue v\u00edctima del robo de medio mill\u00f3n de pesos a manos de 3 delincuentes que ingresaron a su casa la noche del jueves. El hijo del intendente dijo que al regresar a la vivienda, alrededor de las 23, vio a 3 delincuentes escapando a trav\u00e9s de los [&hellip;]<\/p>\n","protected":false},"author":1,"featured_media":4211,"comment_status":"open","ping_status":"open","sticky":false,"template":"","format":"standard","meta":{"footnotes":""},"categories":[26],"tags":[29,1052,305,1408,222,57],"class_list":["post-4209","post","type-post","status-publish","format-standard","has-post-thumbnail","hentry","category-policiales","tag-capitanich","tag-frente-chaqueno","tag-la-verde","tag-pena","tag-pesos","tag-robo"],"_links":{"self":[{"href":"http:\/\/hdpnoticias.com.ar\/index.php?rest_route=\/wp\/v2\/posts\/4209","targetHints":{"allow":["GET"]}}],"collection":[{"href":"http:\/\/hdpnoticias.com.ar\/index.php?rest_route=\/wp\/v2\/posts"}],"about":[{"href":"http:\/\/hdpnoticias.com.ar\/index.php?rest_route=\/wp\/v2\/types\/post"}],"author":[{"embeddable":true,"href":"http:\/\/hdpnoticias.com.ar\/index.php?rest_route=\/wp\/v2\/users\/1"}],"replies":[{"embeddable":true,"href":"http:\/\/hdpnoticias.com.ar\/index.php?rest_route=%2Fwp%2Fv2%2Fcomments&post=4209"}],"version-history":[{"count":1,"href":"http:\/\/hdpnoticias.com.ar\/index.php?rest_route=\/wp\/v2\/posts\/4209\/revisions"}],"predecessor-version":[{"id":4212,"href":"http:\/\/hdpnoticias.com.ar\/index.php?rest_route=\/wp\/v2\/posts\/4209\/revisions\/4212"}],"wp:featuredmedia":[{"embeddable":true,"href":"http:\/\/hdpnoticias.com.ar\/index.php?rest_route=\/wp\/v2\/media\/4211"}],"wp:attachment":[{"href":"http:\/\/hdpnoticias.com.ar\/index.php?rest_route=%2Fwp%2Fv2%2Fmedia&parent=4209"}],"wp:term":[{"taxonomy":"category","embeddable":true,"href":"http:\/\/hdpnoticias.com.ar\/index.php?rest_route=%2Fwp%2Fv2%2Fcategories&post=4209"},{"taxonomy":"post_tag","embeddable":true,"href":"http:\/\/hdpnoticias.com.ar\/index.php?rest_route=%2Fwp%2Fv2%2Ftags&post=4209"}],"curies":[{"name":"wp","href":"https:\/\/api.w.org\/{rel}","templated":true}]}}