{"id":3936,"date":"2023-08-31T08:03:09","date_gmt":"2023-08-31T11:03:09","guid":{"rendered":"http:\/\/hdpnoticias.com.ar\/?p=3936"},"modified":"2023-09-13T04:24:39","modified_gmt":"2023-09-13T07:24:39","slug":"afiliacion-trucha-pedrini-y-slimel-dicen-que-es-una-fake-news","status":"publish","type":"post","link":"http:\/\/hdpnoticias.com.ar\/?p=3936","title":{"rendered":"Afiliaci\u00f3n trucha: Pedrini y Slimel dicen que es una fake news"},"content":{"rendered":"\n<p>El diputado nacional Juan Manuel Pedrini y el diputado provincial Nicol\u00e1s Slimel no estaban el tanto de la \u201cafiliaci\u00f3n trucha\u201d de la madre del gobernador Jorge Capitanich al Insssep. Para ellos, se trat\u00f3 de una \u201cfake news\u201d.<\/p>\n\n\n\n<p>As\u00ed definieron el tema en la denuncia que presentaron ante el Tribunal Electoral contra el diputado provincial Leandro Zdero, candidato a gobernador por Juntos por el Cambio, exigiendo que sea sancionado por ventilar el tema en el debate, lo que definieron como una \u201cfalacia\u201d.<\/p>\n\n\n\n<p>En el debate del lunes en Villa \u00c1ngela, Capitanich, candidato a la reelecci\u00f3n por el Frente Chaque\u00f1o, acus\u00f3 a Zdero de ser un insensible capaz de quitarle derechos a los discapacidatos. Y \u00e9ste respondi\u00f3 parafraseando: \u201cEl ladr\u00f3n cree que todos son de su condici\u00f3n\u201d.<\/p>\n\n\n\n<p>Y grafic\u00f3 su expresi\u00f3n recordando <strong><a href=\"http:\/\/hdpnoticias.com.ar\/?p=3921\">la \u201cafiliaci\u00f3n trucha\u201d que sali\u00f3 a la luz en agosto de 2009<\/a><\/strong> y trascendi\u00f3 a la prensa local llegando a los medios nacionales.<\/p>\n\n\n\n<p>Al defenderse, Capitanich dijo que \u201cesos temas ya est\u00e1n arreglados\u201d.<\/p>\n\n\n\n<p>Hablaba a las irregularidades en la afiliaci\u00f3n de su madre a comienzos de 2009, que hab\u00eda sido admitida por la obra social a pesar de no reunir los requisitos, entre los que hab\u00eda un documento que certificaba que se domiciliaba en la residencia oficial del gobernador cuando en realidad viv\u00eda en S\u00e1enz Pe\u00f1a.<\/p>\n\n\n\n<p>En aquel momento el mismo Capitanich, despu\u00e9s de acusar a la prensa de mentir para desprestigiarlo, admiti\u00f3 la situaci\u00f3n y se comprometi\u00f3 a reintegrar al Insssep los gastos en la atenci\u00f3n de su madre, como un vuelo sanitario a Buenos Aires y el tratamiento en el Hospital Italiano.<\/p>\n\n\n\n<p><strong><a href=\"https:\/\/www.lapoliticaonline.com\/nota\/nota-59406\/\">\u201cEsc\u00e1ndalo en Chaco por la afiliaci\u00f3n trucha de la madre de Capitanich\u201d<\/a><\/strong>, titul\u00f3 La Pol\u00edtica Online, que exhibi\u00f3 Zdero en el debate. Y despu\u00e9s Perfil reflej\u00f3 los dichos del Gobernador: <strong><a href=\"https:\/\/www.perfil.com\/noticias\/politica\/capitanich-admitio-irregular-afiliacion-de-su-madre-a-la-obra-social-del-estado-20090814-0019.phtml\">\u201cCapitanich admiti\u00f3 irregular afiliaci\u00f3n de su madre a la obra social del Estado\u201d<\/a><\/strong>. Estas y otras publicaciones de la \u00e9poca a\u00fan est\u00e1n activas. Pero, al parecer, ni Pedrini ni Slimel se enteraron.<\/p>\n","protected":false},"excerpt":{"rendered":"<p>El diputado nacional Juan Manuel Pedrini y el diputado provincial Nicol\u00e1s Slimel no estaban el tanto de la \u201cafiliaci\u00f3n trucha\u201d de la madre del gobernador Jorge Capitanich al Insssep. Para ellos, se trat\u00f3 de una \u201cfake news\u201d. As\u00ed definieron el tema en la denuncia que presentaron ante el Tribunal Electoral contra el diputado provincial Leandro [&hellip;]<\/p>\n","protected":false},"author":1,"featured_media":3937,"comment_status":"open","ping_status":"open","sticky":false,"template":"","format":"standard","meta":{"footnotes":""},"categories":[27],"tags":[2374,29,37,2377,1052,244,1182,450,1129,921],"class_list":["post-3936","post","type-post","status-publish","format-standard","has-post-thumbnail","hentry","category-politica","tag-afiliacion-trucha","tag-capitanich","tag-chaco","tag-fake-news","tag-frente-chaqueno","tag-gobernador","tag-insssep","tag-juntos-por-el-cambio","tag-prensa","tag-zdero"],"_links":{"self":[{"href":"http:\/\/hdpnoticias.com.ar\/index.php?rest_route=\/wp\/v2\/posts\/3936","targetHints":{"allow":["GET"]}}],"collection":[{"href":"http:\/\/hdpnoticias.com.ar\/index.php?rest_route=\/wp\/v2\/posts"}],"about":[{"href":"http:\/\/hdpnoticias.com.ar\/index.php?rest_route=\/wp\/v2\/types\/post"}],"author":[{"embeddable":true,"href":"http:\/\/hdpnoticias.com.ar\/index.php?rest_route=\/wp\/v2\/users\/1"}],"replies":[{"embeddable":true,"href":"http:\/\/hdpnoticias.com.ar\/index.php?rest_route=%2Fwp%2Fv2%2Fcomments&post=3936"}],"version-history":[{"count":4,"href":"http:\/\/hdpnoticias.com.ar\/index.php?rest_route=\/wp\/v2\/posts\/3936\/revisions"}],"predecessor-version":[{"id":4136,"href":"http:\/\/hdpnoticias.com.ar\/index.php?rest_route=\/wp\/v2\/posts\/3936\/revisions\/4136"}],"wp:featuredmedia":[{"embeddable":true,"href":"http:\/\/hdpnoticias.com.ar\/index.php?rest_route=\/wp\/v2\/media\/3937"}],"wp:attachment":[{"href":"http:\/\/hdpnoticias.com.ar\/index.php?rest_route=%2Fwp%2Fv2%2Fmedia&parent=3936"}],"wp:term":[{"taxonomy":"category","embeddable":true,"href":"http:\/\/hdpnoticias.com.ar\/index.php?rest_route=%2Fwp%2Fv2%2Fcategories&post=3936"},{"taxonomy":"post_tag","embeddable":true,"href":"http:\/\/hdpnoticias.com.ar\/index.php?rest_route=%2Fwp%2Fv2%2Ftags&post=3936"}],"curies":[{"name":"wp","href":"https:\/\/api.w.org\/{rel}","templated":true}]}}