{"id":3880,"date":"2023-08-27T13:45:00","date_gmt":"2023-08-27T16:45:00","guid":{"rendered":"http:\/\/hdpnoticias.com.ar\/?p=3880"},"modified":"2023-09-13T04:34:17","modified_gmt":"2023-09-13T07:34:17","slug":"tragedia-en-la-ruta-7-3-personas-murieron-en-un-vuelco","status":"publish","type":"post","link":"http:\/\/hdpnoticias.com.ar\/?p=3880","title":{"rendered":"Tragedia en la ruta 7: 3 personas murieron en un vuelco"},"content":{"rendered":"\n<p>La noche del s\u00e1bado, minutos antes de las 20, un brutal accidente tuvo lugar en la ruta 7, en inmediaciones de Presidencia de la Plaza, protagonizado por un Fiat Mobi Like, en el que viajaban 4 personas domiciliadas en Santiago del Estero.<\/p>\n\n\n\n<p>Cuando arrib\u00f3 una comisi\u00f3n policial el autom\u00f3vil estaba completamente destruido, en la banquina, hasta donde habr\u00eda llegado dando tumbos.<\/p>\n\n\n\n<p>Sofia Martina Grance, de 21 a\u00f1os, y su ,madre: Blanca Noemi Gorostegui, murieron en el acto, mientras los otros 2 ocupantes, fueron auxiliados y trasladados al hospital 4 de Junio, de Presidencia Roque S\u00e1enz Pe\u00f1a. Uno de ellos: Hugo Grance, de 19 a\u00f1os, hermano e hijo de las otras v\u00edctimas, lleg\u00f3 muerto.<\/p>\n\n\n\n<p>La sobreviviente, de 27 a\u00f1os, sufri\u00f3 politraumatismos, traumatismo de cr\u00e1neo moderado contusi\u00f3n pulmonar, y traumatismo tor\u00e1cico\u201d.<\/p>\n\n\n\n<p>Investigan la mec\u00e1nica del siniestro. Al parecer, habr\u00eda quien conduc\u00eda habr\u00eda intentado una maniobra de esquive, lo que le habr\u00eda hecho perder el control.<\/p>\n","protected":false},"excerpt":{"rendered":"<p>La noche del s\u00e1bado, minutos antes de las 20, un brutal accidente tuvo lugar en la ruta 7, en inmediaciones de Presidencia de la Plaza, protagonizado por un Fiat Mobi Like, en el que viajaban 4 personas domiciliadas en Santiago del Estero. Cuando arrib\u00f3 una comisi\u00f3n policial el autom\u00f3vil estaba completamente destruido, en la banquina, [&hellip;]<\/p>\n","protected":false},"author":1,"featured_media":3881,"comment_status":"open","ping_status":"open","sticky":false,"template":"","format":"standard","meta":{"footnotes":""},"categories":[26],"tags":[154,2350,357,2351,95,534,100],"class_list":["post-3880","post","type-post","status-publish","format-standard","has-post-thumbnail","hentry","category-policiales","tag-fiat","tag-mobi","tag-plaza","tag-ruta-7","tag-saenz-pena","tag-san-martin","tag-tragedia"],"_links":{"self":[{"href":"http:\/\/hdpnoticias.com.ar\/index.php?rest_route=\/wp\/v2\/posts\/3880","targetHints":{"allow":["GET"]}}],"collection":[{"href":"http:\/\/hdpnoticias.com.ar\/index.php?rest_route=\/wp\/v2\/posts"}],"about":[{"href":"http:\/\/hdpnoticias.com.ar\/index.php?rest_route=\/wp\/v2\/types\/post"}],"author":[{"embeddable":true,"href":"http:\/\/hdpnoticias.com.ar\/index.php?rest_route=\/wp\/v2\/users\/1"}],"replies":[{"embeddable":true,"href":"http:\/\/hdpnoticias.com.ar\/index.php?rest_route=%2Fwp%2Fv2%2Fcomments&post=3880"}],"version-history":[{"count":7,"href":"http:\/\/hdpnoticias.com.ar\/index.php?rest_route=\/wp\/v2\/posts\/3880\/revisions"}],"predecessor-version":[{"id":4147,"href":"http:\/\/hdpnoticias.com.ar\/index.php?rest_route=\/wp\/v2\/posts\/3880\/revisions\/4147"}],"wp:featuredmedia":[{"embeddable":true,"href":"http:\/\/hdpnoticias.com.ar\/index.php?rest_route=\/wp\/v2\/media\/3881"}],"wp:attachment":[{"href":"http:\/\/hdpnoticias.com.ar\/index.php?rest_route=%2Fwp%2Fv2%2Fmedia&parent=3880"}],"wp:term":[{"taxonomy":"category","embeddable":true,"href":"http:\/\/hdpnoticias.com.ar\/index.php?rest_route=%2Fwp%2Fv2%2Fcategories&post=3880"},{"taxonomy":"post_tag","embeddable":true,"href":"http:\/\/hdpnoticias.com.ar\/index.php?rest_route=%2Fwp%2Fv2%2Ftags&post=3880"}],"curies":[{"name":"wp","href":"https:\/\/api.w.org\/{rel}","templated":true}]}}