{"id":3750,"date":"2023-08-19T05:45:27","date_gmt":"2023-08-19T08:45:27","guid":{"rendered":"http:\/\/hdpnoticias.com.ar\/?p=3750"},"modified":"2023-08-19T05:45:29","modified_gmt":"2023-08-19T08:45:29","slug":"zdero-sumo-al-dirigente-peronista-ruben-correa-en-fuerte-esperanza","status":"publish","type":"post","link":"http:\/\/hdpnoticias.com.ar\/?p=3750","title":{"rendered":"Zdero sum\u00f3 al dirigente peronista Rub\u00e9n Correa en Fuerte Esperanza"},"content":{"rendered":"\n<p>El dirigente peronista Rub\u00e9n \u201cOso\u201d Correa, hermano del exintendente de Fuerte Esperanza: Walter \u201cBulinki\u201d Correa, abandon\u00f3 el Frente chaque\u00f1o que lidera el gobernador Jorge Capitanich para incorporarse al frente opositor Juntos por el Cambio que postula al diputado radical Leandro Zdero como gobernador del Chaco.<\/p>\n\n\n\n<p>Correa expres\u00f3 su respaldo durante los encuentros que Zdero mantuvo con vecinos de Fuerte Esperanza y Comandancia Fr\u00edas, junto al candidato a intendente Jos\u00e9 Luis Maldonado.<\/p>\n\n\n\n<p>Al fundamentar su decisi\u00f3n, el dirigente habl\u00f3 de la necesidad de que esa zona de El Impenetrable reciba una mirada especial del Gobierno provincial, un apoyo concreto y permanente para poder desarrollar sus potencialidades.<\/p>\n\n\n\n<p>En reuniones con los pobladores, el legislador se comprometi\u00f3 a impulsar un hist\u00f3rico reclamo: la autonom\u00eda de Comandancia Fr\u00edas que hoy depende de Fuerte Esperanza.<\/p>\n","protected":false},"excerpt":{"rendered":"<p>El dirigente peronista Rub\u00e9n \u201cOso\u201d Correa, hermano del exintendente de Fuerte Esperanza: Walter \u201cBulinki\u201d Correa, abandon\u00f3 el Frente chaque\u00f1o que lidera el gobernador Jorge Capitanich para incorporarse al frente opositor Juntos por el Cambio que postula al diputado radical Leandro Zdero como gobernador del Chaco. Correa expres\u00f3 su respaldo durante los encuentros que Zdero mantuvo [&hellip;]<\/p>\n","protected":false},"author":1,"featured_media":3751,"comment_status":"open","ping_status":"open","sticky":false,"template":"","format":"standard","meta":{"footnotes":""},"categories":[27],"tags":[2283,29,2214,246,1052,244,450,2284,398,571,921],"class_list":["post-3750","post","type-post","status-publish","format-standard","has-post-thumbnail","hentry","category-politica","tag-bulinki","tag-capitanich","tag-correa","tag-elecciones","tag-frente-chaqueno","tag-gobernador","tag-juntos-por-el-cambio","tag-oso","tag-peronista","tag-radical","tag-zdero"],"_links":{"self":[{"href":"http:\/\/hdpnoticias.com.ar\/index.php?rest_route=\/wp\/v2\/posts\/3750","targetHints":{"allow":["GET"]}}],"collection":[{"href":"http:\/\/hdpnoticias.com.ar\/index.php?rest_route=\/wp\/v2\/posts"}],"about":[{"href":"http:\/\/hdpnoticias.com.ar\/index.php?rest_route=\/wp\/v2\/types\/post"}],"author":[{"embeddable":true,"href":"http:\/\/hdpnoticias.com.ar\/index.php?rest_route=\/wp\/v2\/users\/1"}],"replies":[{"embeddable":true,"href":"http:\/\/hdpnoticias.com.ar\/index.php?rest_route=%2Fwp%2Fv2%2Fcomments&post=3750"}],"version-history":[{"count":1,"href":"http:\/\/hdpnoticias.com.ar\/index.php?rest_route=\/wp\/v2\/posts\/3750\/revisions"}],"predecessor-version":[{"id":3752,"href":"http:\/\/hdpnoticias.com.ar\/index.php?rest_route=\/wp\/v2\/posts\/3750\/revisions\/3752"}],"wp:featuredmedia":[{"embeddable":true,"href":"http:\/\/hdpnoticias.com.ar\/index.php?rest_route=\/wp\/v2\/media\/3751"}],"wp:attachment":[{"href":"http:\/\/hdpnoticias.com.ar\/index.php?rest_route=%2Fwp%2Fv2%2Fmedia&parent=3750"}],"wp:term":[{"taxonomy":"category","embeddable":true,"href":"http:\/\/hdpnoticias.com.ar\/index.php?rest_route=%2Fwp%2Fv2%2Fcategories&post=3750"},{"taxonomy":"post_tag","embeddable":true,"href":"http:\/\/hdpnoticias.com.ar\/index.php?rest_route=%2Fwp%2Fv2%2Ftags&post=3750"}],"curies":[{"name":"wp","href":"https:\/\/api.w.org\/{rel}","templated":true}]}}