{"id":3529,"date":"2023-08-07T08:09:19","date_gmt":"2023-08-07T11:09:19","guid":{"rendered":"http:\/\/hdpnoticias.com.ar\/?p=3529"},"modified":"2023-08-07T08:13:27","modified_gmt":"2023-08-07T11:13:27","slug":"tragedia-en-la-ruta-89-un-muerto-en-choque-frontal-en-general-pinedo","status":"publish","type":"post","link":"http:\/\/hdpnoticias.com.ar\/?p=3529","title":{"rendered":"Tragedia en la ruta 89: un muerto en choque frontal en General Pinedo"},"content":{"rendered":"\n<p>Gustavo Horacio Pennisi, de 45 a\u00f1os, muri\u00f3 la noche del domingo en un accidente vial en el kil\u00f3metro 256 de la ruta nacional 89, en General Pinero.<\/p>\n\n\n\n<p>Conduc\u00eda un autom\u00f3vil Renault 19 cuando alrededor de las 20 impact\u00f3 frontalmente con una Toyota Hilux , en la que viajaban 2 hombres de 38 y 46 a\u00f1os.<\/p>\n\n\n\n<p>Pennisi, domiciliado en Las Bre\u00f1as, muri\u00f3 en el acto.<\/p>\n\n\n\n<p>Los otros 2 involucrados, de General Pinedo, fueron auxiliados y trasladados al hospital local.<\/p>\n\n\n\n<p>Producto del impacto, el autom\u00f3vil dio varios tumbos y termin\u00f3 completamente destru\u00eddo. La camioneta result\u00f3 con severos da\u00f1os en la parte frontal.<\/p>\n\n\n\n<p>La mec\u00e1nica del siniestro a\u00fan es materia de investigaci\u00f3n.<\/p>\n","protected":false},"excerpt":{"rendered":"<p>Gustavo Horacio Pennisi, de 45 a\u00f1os, muri\u00f3 la noche del domingo en un accidente vial en el kil\u00f3metro 256 de la ruta nacional 89, en General Pinero. Conduc\u00eda un autom\u00f3vil Renault 19 cuando alrededor de las 20 impact\u00f3 frontalmente con una Toyota Hilux , en la que viajaban 2 hombres de 38 y 46 a\u00f1os. [&hellip;]<\/p>\n","protected":false},"author":1,"featured_media":3530,"comment_status":"open","ping_status":"open","sticky":false,"template":"","format":"standard","meta":{"footnotes":""},"categories":[26],"tags":[2101,93,557,391,388,2197,747,94,390,100],"class_list":["post-3529","post","type-post","status-publish","format-standard","has-post-thumbnail","hentry","category-policiales","tag-choque-frontal","tag-fatal","tag-general-pinedo","tag-hilux","tag-las-brenas","tag-pennisi","tag-renault","tag-ruta-89","tag-toyota","tag-tragedia"],"_links":{"self":[{"href":"http:\/\/hdpnoticias.com.ar\/index.php?rest_route=\/wp\/v2\/posts\/3529","targetHints":{"allow":["GET"]}}],"collection":[{"href":"http:\/\/hdpnoticias.com.ar\/index.php?rest_route=\/wp\/v2\/posts"}],"about":[{"href":"http:\/\/hdpnoticias.com.ar\/index.php?rest_route=\/wp\/v2\/types\/post"}],"author":[{"embeddable":true,"href":"http:\/\/hdpnoticias.com.ar\/index.php?rest_route=\/wp\/v2\/users\/1"}],"replies":[{"embeddable":true,"href":"http:\/\/hdpnoticias.com.ar\/index.php?rest_route=%2Fwp%2Fv2%2Fcomments&post=3529"}],"version-history":[{"count":2,"href":"http:\/\/hdpnoticias.com.ar\/index.php?rest_route=\/wp\/v2\/posts\/3529\/revisions"}],"predecessor-version":[{"id":3532,"href":"http:\/\/hdpnoticias.com.ar\/index.php?rest_route=\/wp\/v2\/posts\/3529\/revisions\/3532"}],"wp:featuredmedia":[{"embeddable":true,"href":"http:\/\/hdpnoticias.com.ar\/index.php?rest_route=\/wp\/v2\/media\/3530"}],"wp:attachment":[{"href":"http:\/\/hdpnoticias.com.ar\/index.php?rest_route=%2Fwp%2Fv2%2Fmedia&parent=3529"}],"wp:term":[{"taxonomy":"category","embeddable":true,"href":"http:\/\/hdpnoticias.com.ar\/index.php?rest_route=%2Fwp%2Fv2%2Fcategories&post=3529"},{"taxonomy":"post_tag","embeddable":true,"href":"http:\/\/hdpnoticias.com.ar\/index.php?rest_route=%2Fwp%2Fv2%2Ftags&post=3529"}],"curies":[{"name":"wp","href":"https:\/\/api.w.org\/{rel}","templated":true}]}}