{"id":3305,"date":"2023-07-22T19:42:00","date_gmt":"2023-07-22T22:42:00","guid":{"rendered":"http:\/\/hdpnoticias.com.ar\/?p=3305"},"modified":"2023-07-22T22:46:58","modified_gmt":"2023-07-23T01:46:58","slug":"de-juntos-por-el-cambio-a-juntos-por-capitanich-obeid-se-recicla-y-pide-la-unidad-del-peronismo","status":"publish","type":"post","link":"http:\/\/hdpnoticias.com.ar\/?p=3305","title":{"rendered":"De Juntos por el Cambio a Juntos por Capitanich: Obeid se recicla y pide la unidad del peronismo"},"content":{"rendered":"\n<p>El diputado Luis Obeid lleg\u00f3 a la Legislatura por el frente macrista Cambiemos, y cambi\u00f3 al toque. Peg\u00f3 varios portazos para salir y volver a entrar, y fue reelecto otra vez por Juntos por el Cambio.<\/p>\n\n\n\n<p>Ahora su mandato est\u00e1 a punto de expirar y ya se est\u00e1 despidiendo de la banca que ya hab\u00eda copiado las curvas de sus asentaderas.<\/p>\n\n\n\n<p>Dicen que \u201cel que se va sin que lo echen, vuelve sin que lo llamen\u201d. Pero este no es su caso, ya que fue despedido del PRO y termin\u00f3 busc\u00e1ndole la vuelta al sello y form\u00f3 su bloque POR Chaco.<\/p>\n\n\n\n<p>Pero de tanto ir y venir ya no se sabe de qu\u00e9 lado qued\u00f3.<\/p>\n\n\n\n<p>Tan es as\u00ed que pas\u00f3 de pedir la reelecci\u00f3n de Macri a pedir la reelecci\u00f3n de Capitanich.<\/p>\n\n\n\n<p>El legislador ahora integra la comitiva que suplica la unidad del peronismo \u201cpara que el Chaco tenga futuro\u201d, el denominado \u201coperativo clamor\u201d para que los otros candidatos a gobernador por el peronismo declinen sus aspiraciones e inviertan en la reelecci\u00f3n de Capitanich como \u00e9l.<\/p>\n\n\n\n<p>Obeid es uno de los \u201clegisladores del Frente Chaque\u00f1o\u201d que firm\u00f3 el comunicado junto a los intendentes peronistas que emprendieron la cruzada.<\/p>\n\n\n\n<p>En declaraciones a la prensa dijo que no est\u00e1 muy preocupado porque si no da resultado, todav\u00eda tiene las fotos que se tom\u00f3 del otro lado de la grieta con el candidato radical Leandro Zdero la campa\u00f1a pasada.<\/p>\n","protected":false},"excerpt":{"rendered":"<p>El diputado Luis Obeid lleg\u00f3 a la Legislatura por el frente macrista Cambiemos, y cambi\u00f3 al toque. Peg\u00f3 varios portazos para salir y volver a entrar, y fue reelecto otra vez por Juntos por el Cambio. Ahora su mandato est\u00e1 a punto de expirar y ya se est\u00e1 despidiendo de la banca que ya hab\u00eda [&hellip;]<\/p>\n","protected":false},"author":1,"featured_media":3306,"comment_status":"open","ping_status":"open","sticky":false,"template":"","format":"standard","meta":{"footnotes":""},"categories":[1],"tags":[37,682,450,195,2105,1337,558,350,921],"class_list":["post-3305","post","type-post","status-publish","format-standard","has-post-thumbnail","hentry","category-pescado-podrido","tag-chaco","tag-diputado","tag-juntos-por-el-cambio","tag-macri","tag-obeid","tag-peronismo","tag-pro","tag-reeleccion","tag-zdero"],"_links":{"self":[{"href":"http:\/\/hdpnoticias.com.ar\/index.php?rest_route=\/wp\/v2\/posts\/3305","targetHints":{"allow":["GET"]}}],"collection":[{"href":"http:\/\/hdpnoticias.com.ar\/index.php?rest_route=\/wp\/v2\/posts"}],"about":[{"href":"http:\/\/hdpnoticias.com.ar\/index.php?rest_route=\/wp\/v2\/types\/post"}],"author":[{"embeddable":true,"href":"http:\/\/hdpnoticias.com.ar\/index.php?rest_route=\/wp\/v2\/users\/1"}],"replies":[{"embeddable":true,"href":"http:\/\/hdpnoticias.com.ar\/index.php?rest_route=%2Fwp%2Fv2%2Fcomments&post=3305"}],"version-history":[{"count":1,"href":"http:\/\/hdpnoticias.com.ar\/index.php?rest_route=\/wp\/v2\/posts\/3305\/revisions"}],"predecessor-version":[{"id":3307,"href":"http:\/\/hdpnoticias.com.ar\/index.php?rest_route=\/wp\/v2\/posts\/3305\/revisions\/3307"}],"wp:featuredmedia":[{"embeddable":true,"href":"http:\/\/hdpnoticias.com.ar\/index.php?rest_route=\/wp\/v2\/media\/3306"}],"wp:attachment":[{"href":"http:\/\/hdpnoticias.com.ar\/index.php?rest_route=%2Fwp%2Fv2%2Fmedia&parent=3305"}],"wp:term":[{"taxonomy":"category","embeddable":true,"href":"http:\/\/hdpnoticias.com.ar\/index.php?rest_route=%2Fwp%2Fv2%2Fcategories&post=3305"},{"taxonomy":"post_tag","embeddable":true,"href":"http:\/\/hdpnoticias.com.ar\/index.php?rest_route=%2Fwp%2Fv2%2Ftags&post=3305"}],"curies":[{"name":"wp","href":"https:\/\/api.w.org\/{rel}","templated":true}]}}