{"id":3257,"date":"2023-07-19T17:11:00","date_gmt":"2023-07-19T20:11:00","guid":{"rendered":"http:\/\/hdpnoticias.com.ar\/?p=3257"},"modified":"2023-07-19T22:33:33","modified_gmt":"2023-07-20T01:33:33","slug":"asesinaron-a-un-hombre-a-punaladas-en-su-casa-en-saenz-pena","status":"publish","type":"post","link":"http:\/\/hdpnoticias.com.ar\/?p=3257","title":{"rendered":"Asesinaron a un hombre a pu\u00f1aladas en su casa en S\u00e1enz Pe\u00f1a"},"content":{"rendered":"\n<p>Oscar Alberto Ram\u00edrez, de 71 a\u00f1os, fue asesinado a pu\u00f1aladas en su casa del barrio Presidente Per\u00f3n, m\u00e1s conocido como 713 Viviendas, en la zona este de Presidencia Roque S\u00e1enz Pe\u00f1a.<\/p>\n\n\n\n<p>Lo encontraron los vecinos, que r\u00e1pidamente dieron aviso a la Polic\u00eda.<\/p>\n\n\n\n<p>El lugar evidenciaba claros signos de violencia.<\/p>\n\n\n\n<p>El hombre presentaba varias heridas de arma blanca y junto a su cad\u00e1ver hab\u00eda un cuchillo de una hoja de 20 cent\u00edmetros, ensangrentado, lo que hizo suponer que fue el arma utilizada para cometer el crimen.<\/p>\n\n\n\n<p>El fiscal del caso instruy\u00f3 que el cuerpo sea sometido a la autopsia de rigor para intentar determinar con precisi\u00f3n la causa y la data de la muerte.<\/p>\n\n\n\n<p>Peritos del Gabinete Cient\u00edfico relevaron la escena del crimen y recogieron muestras para intentar dilucidar c\u00f3mo ocurri\u00f3 el hecho y hallar pistas que lleven a los posibles autores.<\/p>\n","protected":false},"excerpt":{"rendered":"<p>Oscar Alberto Ram\u00edrez, de 71 a\u00f1os, fue asesinado a pu\u00f1aladas en su casa del barrio Presidente Per\u00f3n, m\u00e1s conocido como 713 Viviendas, en la zona este de Presidencia Roque S\u00e1enz Pe\u00f1a. Lo encontraron los vecinos, que r\u00e1pidamente dieron aviso a la Polic\u00eda. El lugar evidenciaba claros signos de violencia. El hombre presentaba varias heridas de [&hellip;]<\/p>\n","protected":false},"author":1,"featured_media":3258,"comment_status":"open","ping_status":"open","sticky":false,"template":"","format":"standard","meta":{"footnotes":""},"categories":[26],"tags":[2082,800,275,301,87,283,2081,2083,95],"class_list":["post-3257","post","type-post","status-publish","format-standard","has-post-thumbnail","hentry","category-policiales","tag-2082","tag-asesinado","tag-asesinato","tag-autopsia","tag-crimen","tag-homicidio","tag-presidente-peron","tag-pualadas","tag-saenz-pena"],"_links":{"self":[{"href":"http:\/\/hdpnoticias.com.ar\/index.php?rest_route=\/wp\/v2\/posts\/3257","targetHints":{"allow":["GET"]}}],"collection":[{"href":"http:\/\/hdpnoticias.com.ar\/index.php?rest_route=\/wp\/v2\/posts"}],"about":[{"href":"http:\/\/hdpnoticias.com.ar\/index.php?rest_route=\/wp\/v2\/types\/post"}],"author":[{"embeddable":true,"href":"http:\/\/hdpnoticias.com.ar\/index.php?rest_route=\/wp\/v2\/users\/1"}],"replies":[{"embeddable":true,"href":"http:\/\/hdpnoticias.com.ar\/index.php?rest_route=%2Fwp%2Fv2%2Fcomments&post=3257"}],"version-history":[{"count":1,"href":"http:\/\/hdpnoticias.com.ar\/index.php?rest_route=\/wp\/v2\/posts\/3257\/revisions"}],"predecessor-version":[{"id":3259,"href":"http:\/\/hdpnoticias.com.ar\/index.php?rest_route=\/wp\/v2\/posts\/3257\/revisions\/3259"}],"wp:featuredmedia":[{"embeddable":true,"href":"http:\/\/hdpnoticias.com.ar\/index.php?rest_route=\/wp\/v2\/media\/3258"}],"wp:attachment":[{"href":"http:\/\/hdpnoticias.com.ar\/index.php?rest_route=%2Fwp%2Fv2%2Fmedia&parent=3257"}],"wp:term":[{"taxonomy":"category","embeddable":true,"href":"http:\/\/hdpnoticias.com.ar\/index.php?rest_route=%2Fwp%2Fv2%2Fcategories&post=3257"},{"taxonomy":"post_tag","embeddable":true,"href":"http:\/\/hdpnoticias.com.ar\/index.php?rest_route=%2Fwp%2Fv2%2Ftags&post=3257"}],"curies":[{"name":"wp","href":"https:\/\/api.w.org\/{rel}","templated":true}]}}