{"id":3223,"date":"2023-07-17T09:08:00","date_gmt":"2023-07-17T12:08:00","guid":{"rendered":"http:\/\/hdpnoticias.com.ar\/?p=3223"},"modified":"2023-07-17T16:15:33","modified_gmt":"2023-07-17T19:15:33","slug":"automovil-se-incrusto-en-un-gardarrail-en-la-ruta-95-el-conductor-murio","status":"publish","type":"post","link":"http:\/\/hdpnoticias.com.ar\/?p=3223","title":{"rendered":"Autom\u00f3vil se incrust\u00f3 en un gardarrail en la ruta 95: el conductor muri\u00f3"},"content":{"rendered":"\n<p>Alfredo Bizgarra, de 39 a\u00f1os, muri\u00f3 la madrugada del domingo en un accidente de tr\u00e1nsito en la ruta nacional 95, en San Bernardo.<\/p>\n\n\n\n<p>Conduc\u00eda un Ford Fiesta rojo cuando, por causas a\u00fan no determinadas, perdi\u00f3 la direcci\u00f3n, cambi\u00f3 de carril y termin\u00f3 impactando contra el extremo de un guardarrail.<\/p>\n\n\n\n<p>La comisi\u00f3n policial que arrib\u00f3 al lugar solicit\u00f3 auxilio m\u00e9dico pero cuando lleg\u00f3 la ambulancia ya estaba muerto.<\/p>\n\n\n\n<p>El perfil de la barrera de contenci\u00f3n se incrust\u00f3 en el autom\u00f3vil, lo que demand\u00f3 la intervenci\u00f3n de los bomberos que debieron cortar la carrocer\u00eda para retirar el cuerpo.<\/p>\n","protected":false},"excerpt":{"rendered":"<p>Alfredo Bizgarra, de 39 a\u00f1os, muri\u00f3 la madrugada del domingo en un accidente de tr\u00e1nsito en la ruta nacional 95, en San Bernardo. Conduc\u00eda un Ford Fiesta rojo cuando, por causas a\u00fan no determinadas, perdi\u00f3 la direcci\u00f3n, cambi\u00f3 de carril y termin\u00f3 impactando contra el extremo de un guardarrail. La comisi\u00f3n policial que arrib\u00f3 al [&hellip;]<\/p>\n","protected":false},"author":1,"featured_media":3224,"comment_status":"open","ping_status":"open","sticky":false,"template":"","format":"standard","meta":{"footnotes":""},"categories":[26],"tags":[309,2060,2061,132,341],"class_list":["post-3223","post","type-post","status-publish","format-standard","has-post-thumbnail","hentry","category-policiales","tag-bomberos","tag-ford-fiesta","tag-guardarrail","tag-ruta-95","tag-san-bernardo"],"_links":{"self":[{"href":"http:\/\/hdpnoticias.com.ar\/index.php?rest_route=\/wp\/v2\/posts\/3223","targetHints":{"allow":["GET"]}}],"collection":[{"href":"http:\/\/hdpnoticias.com.ar\/index.php?rest_route=\/wp\/v2\/posts"}],"about":[{"href":"http:\/\/hdpnoticias.com.ar\/index.php?rest_route=\/wp\/v2\/types\/post"}],"author":[{"embeddable":true,"href":"http:\/\/hdpnoticias.com.ar\/index.php?rest_route=\/wp\/v2\/users\/1"}],"replies":[{"embeddable":true,"href":"http:\/\/hdpnoticias.com.ar\/index.php?rest_route=%2Fwp%2Fv2%2Fcomments&post=3223"}],"version-history":[{"count":1,"href":"http:\/\/hdpnoticias.com.ar\/index.php?rest_route=\/wp\/v2\/posts\/3223\/revisions"}],"predecessor-version":[{"id":3225,"href":"http:\/\/hdpnoticias.com.ar\/index.php?rest_route=\/wp\/v2\/posts\/3223\/revisions\/3225"}],"wp:featuredmedia":[{"embeddable":true,"href":"http:\/\/hdpnoticias.com.ar\/index.php?rest_route=\/wp\/v2\/media\/3224"}],"wp:attachment":[{"href":"http:\/\/hdpnoticias.com.ar\/index.php?rest_route=%2Fwp%2Fv2%2Fmedia&parent=3223"}],"wp:term":[{"taxonomy":"category","embeddable":true,"href":"http:\/\/hdpnoticias.com.ar\/index.php?rest_route=%2Fwp%2Fv2%2Fcategories&post=3223"},{"taxonomy":"post_tag","embeddable":true,"href":"http:\/\/hdpnoticias.com.ar\/index.php?rest_route=%2Fwp%2Fv2%2Ftags&post=3223"}],"curies":[{"name":"wp","href":"https:\/\/api.w.org\/{rel}","templated":true}]}}