{"id":3179,"date":"2023-07-13T13:34:00","date_gmt":"2023-07-13T16:34:00","guid":{"rendered":"http:\/\/hdpnoticias.com.ar\/?p=3179"},"modified":"2023-07-13T16:42:35","modified_gmt":"2023-07-13T19:42:35","slug":"fusilaron-a-un-hombre-en-plena-calle-en-las-brenas","status":"publish","type":"post","link":"http:\/\/hdpnoticias.com.ar\/?p=3179","title":{"rendered":"Fusilaron a un hombre en plena calle en Las Bre\u00f1as"},"content":{"rendered":"\n<p>Cristian Alberto Gonz\u00e1lez, de 27 a\u00f1os, fue asesinado la tarde del mi\u00e9rcoles en plena v\u00eda p\u00fablica en Las Bre\u00f1as.<\/p>\n\n\n\n<p>Ayer por la tarde, un muchacho falleci\u00f3 producto de una lesi\u00f3n producida por un arma de fuego. Los presuntos autores huyeron del lugar y fueron detenido hoy, por personal de la comisaria de Las Bre\u00f1as.<\/p>\n\n\n\n<p>Transe\u00fantes alertaron a la Polic\u00eda sobre una persona herida de bala en la calle Sarmiento y Garc\u00eda de Loydi.<\/p>\n\n\n\n<p>Cuando arrib\u00f3 el patrullero lo encontr\u00f3 tendido en el suelo. El m\u00e9dico del equipo de emergencias que acudi\u00f3 a auxiliarlo certific\u00f3 que ya estaba muerto, producto del disparo en el pecho en la zona del coraz\u00f3n.<\/p>\n\n\n\n<p>Tras las primeras tareas de investigaci\u00f3n se pudo individualizar al presunto autor: un hombre de 23 a\u00f1os que fue detenido la ma\u00f1ana de este jueves.<\/p>\n\n\n\n<p>Tambi\u00e9n fue secuestrado un Ford Fiesta.<\/p>\n","protected":false},"excerpt":{"rendered":"<p>Cristian Alberto Gonz\u00e1lez, de 27 a\u00f1os, fue asesinado la tarde del mi\u00e9rcoles en plena v\u00eda p\u00fablica en Las Bre\u00f1as. Ayer por la tarde, un muchacho falleci\u00f3 producto de una lesi\u00f3n producida por un arma de fuego. Los presuntos autores huyeron del lugar y fueron detenido hoy, por personal de la comisaria de Las Bre\u00f1as. Transe\u00fantes [&hellip;]<\/p>\n","protected":false},"author":1,"featured_media":0,"comment_status":"open","ping_status":"open","sticky":false,"template":"","format":"standard","meta":{"footnotes":""},"categories":[26],"tags":[275,1027,624,1667,388],"class_list":["post-3179","post","type-post","status-publish","format-standard","hentry","category-policiales","tag-asesinato","tag-fiesta","tag-ford","tag-fusilado","tag-las-brenas"],"_links":{"self":[{"href":"http:\/\/hdpnoticias.com.ar\/index.php?rest_route=\/wp\/v2\/posts\/3179","targetHints":{"allow":["GET"]}}],"collection":[{"href":"http:\/\/hdpnoticias.com.ar\/index.php?rest_route=\/wp\/v2\/posts"}],"about":[{"href":"http:\/\/hdpnoticias.com.ar\/index.php?rest_route=\/wp\/v2\/types\/post"}],"author":[{"embeddable":true,"href":"http:\/\/hdpnoticias.com.ar\/index.php?rest_route=\/wp\/v2\/users\/1"}],"replies":[{"embeddable":true,"href":"http:\/\/hdpnoticias.com.ar\/index.php?rest_route=%2Fwp%2Fv2%2Fcomments&post=3179"}],"version-history":[{"count":1,"href":"http:\/\/hdpnoticias.com.ar\/index.php?rest_route=\/wp\/v2\/posts\/3179\/revisions"}],"predecessor-version":[{"id":3181,"href":"http:\/\/hdpnoticias.com.ar\/index.php?rest_route=\/wp\/v2\/posts\/3179\/revisions\/3181"}],"wp:attachment":[{"href":"http:\/\/hdpnoticias.com.ar\/index.php?rest_route=%2Fwp%2Fv2%2Fmedia&parent=3179"}],"wp:term":[{"taxonomy":"category","embeddable":true,"href":"http:\/\/hdpnoticias.com.ar\/index.php?rest_route=%2Fwp%2Fv2%2Fcategories&post=3179"},{"taxonomy":"post_tag","embeddable":true,"href":"http:\/\/hdpnoticias.com.ar\/index.php?rest_route=%2Fwp%2Fv2%2Ftags&post=3179"}],"curies":[{"name":"wp","href":"https:\/\/api.w.org\/{rel}","templated":true}]}}