{"id":3147,"date":"2023-07-11T07:05:07","date_gmt":"2023-07-11T10:05:07","guid":{"rendered":"http:\/\/hdpnoticias.com.ar\/?p=3147"},"modified":"2023-07-11T07:05:10","modified_gmt":"2023-07-11T10:05:10","slug":"planteos-de-los-defensores-podrian-frenar-la-causa-cecilia-esperan-testimonios-y-pericias","status":"publish","type":"post","link":"http:\/\/hdpnoticias.com.ar\/?p=3147","title":{"rendered":"Planteos de los defensores podr\u00edan frenar la causa Cecilia: esperan testimonios y pericias"},"content":{"rendered":"\n<p>La causa que investiga el femicidio de Cecilia Strzyzowski afronta una serie de pausas por diversas circunstancias, entre ellas la imposibilidad de los defensores de asistir a instancias clave del proceso.<\/p>\n\n\n\n<p>Siguen detenidos los dirigentes sociales Emerenciano Sena y Marcela Acu\u00f1a, imputados por homicidio calificado, y su hijo C\u00e9sar Sena, imputado por homicidio triplemente calificado, y 4 empleados de la familia imputados por encubrimiento: Gustavo Obreg\u00f3n, Fabiana Gonz\u00e1lez, Gustavo Melgarejo y Griselda Reynoso.<\/p>\n\n\n\n<p>La ma\u00f1ana del lunes el equipo fiscal especial recibi\u00f3 a Gloria Romero, madre de Cecilia, para informarle sobre la marcha de la investigaci\u00f3n y los pr\u00f3ximos pasos a dar.<\/p>\n\n\n\n<p>Estaba previsto avanzar con nuevas testimoniales, como la de Gerardo \u201cLaucha\u201d Flores, excuidador de la chancher\u00eda de los Sena en Campo Rossi, pero no fue posible por la ausencia de M\u00f3nica S\u00e1nchez, la defensora del actual cuidador: Gustavo Melgarejo.<\/p>\n\n\n\n<p>La abogada hab\u00eda viajado en C\u00f3rdoba para la apertura de los sobres con los restos \u00f3seos recogidos en el r\u00edo Tragadero que ser\u00e1n examinados por forenses del Poder Judicial de esa provincia.<\/p>\n\n\n\n<p>La situaci\u00f3n de Flores genera expectativa. Se hab\u00eda presentado espont\u00e1neamente a declarar cuando tom\u00f3 conocimiento de que hab\u00eda sido mencionado en el expediente por uno de los imputados.<\/p>\n\n\n\n<p>Casualmente, lo hizo asistido por Ricardo Osuna, que despu\u00e9s asumi\u00f3 la defensa de C\u00e9sar Sena y m\u00e1s tarde la de Emerenciano Sena y Marcela Acu\u00f1a, aunque debi\u00f3 desistir de la \u00faltima por las objeciones de los fiscales que entienden que existir\u00edan intereses contrapuestos entre madre e hijo.<\/p>\n\n\n\n<p>La querella entiende que la versi\u00f3n de Flores no s\u00f3lo no fue convincente sino que adem\u00e1s con sus dichos habr\u00eda intentado desviar o entorpecer el cuso de la investigaci\u00f3n. Su situaci\u00f3n podr\u00eda cambiar este martes si finalmente es convocado por los fiscales.<\/p>\n\n\n\n<p>Tambi\u00e9n se aguarda la declaraci\u00f3n del psiquiatra y el psic\u00f3logo consultados por Cecilia.<\/p>\n\n\n\n<p>El mi\u00e9rcoles deber\u00eda realizarse la audiencia de oposici\u00f3n a la prisi\u00f3n preventiva de Emerenciano Sena, y el jueves la de Marcela Acu\u00f1a, pero ambas est\u00e1n en suspenso por pedido de los defensores.<\/p>\n\n\n\n<p>En el primer caso, Osuna est\u00e1 impedido de asistir por tener programada la audiencia en un juicio por jurado en el que defiende a un hombre acusado de doble homicidio en accidente de tr\u00e1nsito.<\/p>\n\n\n\n<p>Y en el segundo, la abogada Roc\u00eda Mart\u00ednez, que acaba de asumir la defensa de Acu\u00f1a, aleg\u00f3 no haber tomado a\u00fan suficiente conocimiento del expediente y requiri\u00f3 m\u00e1s tiempo.<\/p>\n\n\n\n<p>En este contexto, no se descarta una significativa pausa en el expediente que reci\u00e9n ser\u00eda retomado en agosto, tras la feria judicial.<\/p>\n\n\n\n<p>Mientras, el Instituto de Medicina y Ciencias Forenses del Poder Judicial analiza los huesos recogidos en los \u00faltimos d\u00edas en el r\u00edo Tragadero que, tras un informe preliminar, ser\u00edan tambi\u00e9n remitidos a C\u00f3rdoba.<\/p>\n","protected":false},"excerpt":{"rendered":"<p>La causa que investiga el femicidio de Cecilia Strzyzowski afronta una serie de pausas por diversas circunstancias, entre ellas la imposibilidad de los defensores de asistir a instancias clave del proceso. Siguen detenidos los dirigentes sociales Emerenciano Sena y Marcela Acu\u00f1a, imputados por homicidio calificado, y su hijo C\u00e9sar Sena, imputado por homicidio triplemente calificado, [&hellip;]<\/p>\n","protected":false},"author":1,"featured_media":2832,"comment_status":"open","ping_status":"open","sticky":false,"template":"","format":"standard","meta":{"footnotes":""},"categories":[26],"tags":[1869,2022,1813,1812,1825,793,409,2024,283,2020,2023,2021],"class_list":["post-3147","post","type-post","status-publish","format-standard","has-post-thumbnail","hentry","category-policiales","tag-campo-rossi","tag-causa","tag-cecilia","tag-cesar","tag-chancheria","tag-emerenciano","tag-femicidio","tag-fiscalia-2","tag-homicidio","tag-pericias","tag-querella","tag-testimonios"],"_links":{"self":[{"href":"http:\/\/hdpnoticias.com.ar\/index.php?rest_route=\/wp\/v2\/posts\/3147","targetHints":{"allow":["GET"]}}],"collection":[{"href":"http:\/\/hdpnoticias.com.ar\/index.php?rest_route=\/wp\/v2\/posts"}],"about":[{"href":"http:\/\/hdpnoticias.com.ar\/index.php?rest_route=\/wp\/v2\/types\/post"}],"author":[{"embeddable":true,"href":"http:\/\/hdpnoticias.com.ar\/index.php?rest_route=\/wp\/v2\/users\/1"}],"replies":[{"embeddable":true,"href":"http:\/\/hdpnoticias.com.ar\/index.php?rest_route=%2Fwp%2Fv2%2Fcomments&post=3147"}],"version-history":[{"count":1,"href":"http:\/\/hdpnoticias.com.ar\/index.php?rest_route=\/wp\/v2\/posts\/3147\/revisions"}],"predecessor-version":[{"id":3148,"href":"http:\/\/hdpnoticias.com.ar\/index.php?rest_route=\/wp\/v2\/posts\/3147\/revisions\/3148"}],"wp:featuredmedia":[{"embeddable":true,"href":"http:\/\/hdpnoticias.com.ar\/index.php?rest_route=\/wp\/v2\/media\/2832"}],"wp:attachment":[{"href":"http:\/\/hdpnoticias.com.ar\/index.php?rest_route=%2Fwp%2Fv2%2Fmedia&parent=3147"}],"wp:term":[{"taxonomy":"category","embeddable":true,"href":"http:\/\/hdpnoticias.com.ar\/index.php?rest_route=%2Fwp%2Fv2%2Fcategories&post=3147"},{"taxonomy":"post_tag","embeddable":true,"href":"http:\/\/hdpnoticias.com.ar\/index.php?rest_route=%2Fwp%2Fv2%2Ftags&post=3147"}],"curies":[{"name":"wp","href":"https:\/\/api.w.org\/{rel}","templated":true}]}}