{"id":3067,"date":"2023-07-09T11:52:04","date_gmt":"2023-07-09T14:52:04","guid":{"rendered":"http:\/\/hdpnoticias.com.ar\/?p=3067"},"modified":"2023-07-09T11:52:06","modified_gmt":"2023-07-09T14:52:06","slug":"caso-cecilia-movimientos-piqueteros-se-organizan-para-defender-al-clan-sena","status":"publish","type":"post","link":"http:\/\/hdpnoticias.com.ar\/?p=3067","title":{"rendered":"Caso Cecilia: movimientos piqueteros se organizan para defender al clan Sena"},"content":{"rendered":"\n<p>Varias organizaciones sociales lanzaron a trav\u00e9s de las redes una convocatoria en defensa del l\u00edder del Movimiento Socialista Emerenciano: Emerenciano Sena, detenido imputado como presunto coautor del asesinato de Cecilia Strzyzowski, pareja de su hijo C\u00e9sar Sena, tambi\u00e9n detenido.<\/p>\n\n\n\n<p>\u201cLa Justicia c\u00f3mplice de la dictadura est\u00e1 por matar a un compa\u00f1ero y ninguno dice nada\u201d, expresan, y reclaman: \u201cNo sean cobardes. No se olviden qui\u00e9n empez\u00f3 la lucha\u201d.<\/p>\n\n\n\n<p>El llamado colect\u00f3 r\u00e1pidamente la adhesi\u00f3n de varios movimientos y dirigentes sociales que ya comenzaron a reunirse para acordar las medidas a adoptar en defensa del referente piquetero.<\/p>\n\n\n\n<p>Por el caso tambi\u00e9n est\u00e1n detenidos Marcela Acu\u00f1a, esposa de Emerenciano y madre de C\u00e9sar, y 4 empleados de la familia: Gustavo Obreg\u00f3n, Fabiana Gonz\u00e1lez, Gustavo Melgarejo y Griselda Reynoso, y no se descartan otras detenciones.<\/p>\n\n\n\n<p>La \u00faltima semana ya hubo una serie de protestas con cortes de calles en varios puntos de la ciudad, lo que represent\u00f3 la vuelta de la conflictividad tras una tregua que coincidi\u00f3 con las elecciones primarias del 18 de junio.<\/p>\n","protected":false},"excerpt":{"rendered":"<p>Varias organizaciones sociales lanzaron a trav\u00e9s de las redes una convocatoria en defensa del l\u00edder del Movimiento Socialista Emerenciano: Emerenciano Sena, detenido imputado como presunto coautor del asesinato de Cecilia Strzyzowski, pareja de su hijo C\u00e9sar Sena, tambi\u00e9n detenido. \u201cLa Justicia c\u00f3mplice de la dictadura est\u00e1 por matar a un compa\u00f1ero y ninguno dice nada\u201d, [&hellip;]<\/p>\n","protected":false},"author":1,"featured_media":2569,"comment_status":"open","ping_status":"open","sticky":false,"template":"","format":"standard","meta":{"footnotes":""},"categories":[27],"tags":[275,1813,1812,793,409,283,1897,1787,1986,265,798],"class_list":["post-3067","post","type-post","status-publish","format-standard","has-post-thumbnail","hentry","category-politica","tag-asesinato","tag-cecilia","tag-cesar","tag-emerenciano","tag-femicidio","tag-homicidio","tag-imputados","tag-marcela","tag-movimientos","tag-piqueteros","tag-sena"],"_links":{"self":[{"href":"http:\/\/hdpnoticias.com.ar\/index.php?rest_route=\/wp\/v2\/posts\/3067","targetHints":{"allow":["GET"]}}],"collection":[{"href":"http:\/\/hdpnoticias.com.ar\/index.php?rest_route=\/wp\/v2\/posts"}],"about":[{"href":"http:\/\/hdpnoticias.com.ar\/index.php?rest_route=\/wp\/v2\/types\/post"}],"author":[{"embeddable":true,"href":"http:\/\/hdpnoticias.com.ar\/index.php?rest_route=\/wp\/v2\/users\/1"}],"replies":[{"embeddable":true,"href":"http:\/\/hdpnoticias.com.ar\/index.php?rest_route=%2Fwp%2Fv2%2Fcomments&post=3067"}],"version-history":[{"count":1,"href":"http:\/\/hdpnoticias.com.ar\/index.php?rest_route=\/wp\/v2\/posts\/3067\/revisions"}],"predecessor-version":[{"id":3068,"href":"http:\/\/hdpnoticias.com.ar\/index.php?rest_route=\/wp\/v2\/posts\/3067\/revisions\/3068"}],"wp:featuredmedia":[{"embeddable":true,"href":"http:\/\/hdpnoticias.com.ar\/index.php?rest_route=\/wp\/v2\/media\/2569"}],"wp:attachment":[{"href":"http:\/\/hdpnoticias.com.ar\/index.php?rest_route=%2Fwp%2Fv2%2Fmedia&parent=3067"}],"wp:term":[{"taxonomy":"category","embeddable":true,"href":"http:\/\/hdpnoticias.com.ar\/index.php?rest_route=%2Fwp%2Fv2%2Fcategories&post=3067"},{"taxonomy":"post_tag","embeddable":true,"href":"http:\/\/hdpnoticias.com.ar\/index.php?rest_route=%2Fwp%2Fv2%2Ftags&post=3067"}],"curies":[{"name":"wp","href":"https:\/\/api.w.org\/{rel}","templated":true}]}}