{"id":2932,"date":"2023-06-29T15:56:39","date_gmt":"2023-06-29T18:56:39","guid":{"rendered":"http:\/\/hdpnoticias.com.ar\/?p=2932"},"modified":"2023-07-10T10:12:01","modified_gmt":"2023-07-10T13:12:01","slug":"capitanich-no-descarta-que-alguien-este-tramando-pegarle-un-tiro","status":"publish","type":"post","link":"http:\/\/hdpnoticias.com.ar\/?p=2932","title":{"rendered":"Capitanich no descarta que alguien est\u00e9 tramando pegarle un tiro"},"content":{"rendered":"\n<p>El gobernador Jorge Capitanich volvi\u00f3 a presentarse como v\u00edctima de \u201cataques sistem\u00e1ticos con financiamiento de campa\u00f1a negativa\u201d a trav\u00e9s de las redes sociales y los medios de comunicaci\u00f3n.<\/p>\n\n\n\n<p>Seg\u00fan \u00e9l, \u201cson todas mentiras\u201d las versiones que intentan relacionarlo con los dirigentes piqueteros y precandidatos del oficialista Frente Chaque\u00f1o: Emerenciano Sena y Marcela Acu\u00f1a, presos en la causa por el femicidio de Cecilia Strzyzowski, pareja del hijo de estos: C\u00e9sar Sena, tambi\u00e9n detenido.<\/p>\n\n\n\n<p>\u201cLo \u00fanico que me falta es que me peguen un tiro. Supongo que alguien puede estar tramando eso en este momento\u201d, dijo entrevistado por Canal 9.<\/p>\n\n\n\n<p>\u201cEs vergonzosa la campa\u00f1a negativa que tengo que soportar. Estoy harto de los ataques y las mentiras despiadadas\u201d, insisti\u00f3.<\/p>\n\n\n\n<p>Mientras, se aguarda la definici\u00f3n de los fiscales sobre la situaci\u00f3n de los 3 integrantes de la familia Sena, m\u00e1s la pareja de colaboradores: Fabiana Gonz\u00e1lez y Gustavo Obreg\u00f3n, y la pareja de puesteros de su chancher\u00eda: Gustavo Melgarejo y Griselda Reynoso. Se da por descontado que dictar\u00e1n prisi\u00f3n preventiva a los 7.<\/p>\n","protected":false},"excerpt":{"rendered":"<p>El gobernador Jorge Capitanich volvi\u00f3 a presentarse como v\u00edctima de \u201cataques sistem\u00e1ticos con financiamiento de campa\u00f1a negativa\u201d a trav\u00e9s de las redes sociales y los medios de comunicaci\u00f3n. Seg\u00fan \u00e9l, \u201cson todas mentiras\u201d las versiones que intentan relacionarlo con los dirigentes piqueteros y precandidatos del oficialista Frente Chaque\u00f1o: Emerenciano Sena y Marcela Acu\u00f1a, presos en [&hellip;]<\/p>\n","protected":false},"author":1,"featured_media":2933,"comment_status":"open","ping_status":"open","sticky":false,"template":"","format":"standard","meta":{"footnotes":""},"categories":[27],"tags":[29,1813,793,409,1958,798],"class_list":["post-2932","post","type-post","status-publish","format-standard","has-post-thumbnail","hentry","category-politica","tag-capitanich","tag-cecilia","tag-emerenciano","tag-femicidio","tag-frente-chaquenos","tag-sena"],"_links":{"self":[{"href":"http:\/\/hdpnoticias.com.ar\/index.php?rest_route=\/wp\/v2\/posts\/2932","targetHints":{"allow":["GET"]}}],"collection":[{"href":"http:\/\/hdpnoticias.com.ar\/index.php?rest_route=\/wp\/v2\/posts"}],"about":[{"href":"http:\/\/hdpnoticias.com.ar\/index.php?rest_route=\/wp\/v2\/types\/post"}],"author":[{"embeddable":true,"href":"http:\/\/hdpnoticias.com.ar\/index.php?rest_route=\/wp\/v2\/users\/1"}],"replies":[{"embeddable":true,"href":"http:\/\/hdpnoticias.com.ar\/index.php?rest_route=%2Fwp%2Fv2%2Fcomments&post=2932"}],"version-history":[{"count":3,"href":"http:\/\/hdpnoticias.com.ar\/index.php?rest_route=\/wp\/v2\/posts\/2932\/revisions"}],"predecessor-version":[{"id":3111,"href":"http:\/\/hdpnoticias.com.ar\/index.php?rest_route=\/wp\/v2\/posts\/2932\/revisions\/3111"}],"wp:featuredmedia":[{"embeddable":true,"href":"http:\/\/hdpnoticias.com.ar\/index.php?rest_route=\/wp\/v2\/media\/2933"}],"wp:attachment":[{"href":"http:\/\/hdpnoticias.com.ar\/index.php?rest_route=%2Fwp%2Fv2%2Fmedia&parent=2932"}],"wp:term":[{"taxonomy":"category","embeddable":true,"href":"http:\/\/hdpnoticias.com.ar\/index.php?rest_route=%2Fwp%2Fv2%2Fcategories&post=2932"},{"taxonomy":"post_tag","embeddable":true,"href":"http:\/\/hdpnoticias.com.ar\/index.php?rest_route=%2Fwp%2Fv2%2Ftags&post=2932"}],"curies":[{"name":"wp","href":"https:\/\/api.w.org\/{rel}","templated":true}]}}