{"id":2852,"date":"2023-06-23T15:49:21","date_gmt":"2023-06-23T18:49:21","guid":{"rendered":"http:\/\/hdpnoticias.com.ar\/?p=2852"},"modified":"2023-06-23T15:49:22","modified_gmt":"2023-06-23T18:49:22","slug":"saife-se-opone-a-un-juicio-por-jurado-y-dejaria-la-defensa-de-los-sena","status":"publish","type":"post","link":"http:\/\/hdpnoticias.com.ar\/?p=2852","title":{"rendered":"Saife se opone a un juicio por jurado y dejar\u00eda la defensa de los Sena"},"content":{"rendered":"\n<p>El abogado Juan Carlos Saife es uno de los m\u00e1s conocidos detractores del juicio por jurado, y reiter\u00f3 su postura en el marco e la causa en la que se investiga la desaparici\u00f3n y femicidio de Cecilia Strzyzowski, en la que representa a los dirigentes sociales Emerenciano Sena y Marcela Acu\u00f1a, detenidos como coautores junto a su hijo C\u00e9sar Sena.<\/p>\n\n\n\n<p>\u201cNo defender\u00e9 a nadie delante de 12 personas sin la menor formaci\u00f3n en derecho\u201d, dijo al adelantar que cumplir\u00e1 su rol hasta agotar todas las instancias t\u00e9cnicas y abandonar\u00e1 la defensa cuando el caso llegue a esa instancia, algo que ya habr\u00eda informado a sus representados.<\/p>\n\n\n\n<p>Paralelamente, cuestion\u00f3 el anuncio \u201cinformal y extrajudicial\u201d que el procurador general Jorge Canteros y el adjunto Miguel Fontiena, m\u00e1s los fiscales de la causa: Jorge C\u00e1ceres Olivera, Jorge G\u00f3mez y Nelia Vel\u00e1zquez hicieron en conferencia de prensa la ma\u00f1ana del jueves.<\/p>\n\n\n\n<p>Saife dijo que ya piensa en las oposiciones que presentar\u00e1 oportunamente, ya que entiende que los funcionarios ya confirmaron el dictado de la prisi\u00f3n preventiva para los 7 imputados, la elevaci\u00f3n a juicio por jurado y hasta adelantaron que ser\u00e1n condenados.<\/p>\n\n\n\n<p>Mientras tanto, se supo que Saife recibi\u00f3 instrucciones de sus defendidos para interponer sendos recursos de h\u00e1beas corpus por las malas condiciones de detenci\u00f3n que agravan su estado de salud. En el caso de Acu\u00f1a, se siente desmejorada por la huelga de hambre que inici\u00f3 hace algunos d\u00edas, mientras Sena padece diabetes.<\/p>\n\n\n\n<p>El mismo reclamo har\u00eda el defensor de C\u00e9sar Sena, que estar\u00eda bajo tratamiento psiqui\u00e1trico y no estar\u00eda recibiendo la medicaci\u00f3n prescrita.<\/p>\n","protected":false},"excerpt":{"rendered":"<p>El abogado Juan Carlos Saife es uno de los m\u00e1s conocidos detractores del juicio por jurado, y reiter\u00f3 su postura en el marco e la causa en la que se investiga la desaparici\u00f3n y femicidio de Cecilia Strzyzowski, en la que representa a los dirigentes sociales Emerenciano Sena y Marcela Acu\u00f1a, detenidos como coautores junto [&hellip;]<\/p>\n","protected":false},"author":1,"featured_media":2797,"comment_status":"open","ping_status":"open","sticky":false,"template":"","format":"standard","meta":{"footnotes":""},"categories":[6],"tags":[1813,1812,37,358,793,409,1928,49,1851,798],"class_list":["post-2852","post","type-post","status-publish","format-standard","has-post-thumbnail","hentry","category-info-general","tag-cecilia","tag-cesar","tag-chaco","tag-desaparecida","tag-emerenciano","tag-femicidio","tag-juicio-por-jurado","tag-resistencia","tag-saife","tag-sena"],"_links":{"self":[{"href":"http:\/\/hdpnoticias.com.ar\/index.php?rest_route=\/wp\/v2\/posts\/2852","targetHints":{"allow":["GET"]}}],"collection":[{"href":"http:\/\/hdpnoticias.com.ar\/index.php?rest_route=\/wp\/v2\/posts"}],"about":[{"href":"http:\/\/hdpnoticias.com.ar\/index.php?rest_route=\/wp\/v2\/types\/post"}],"author":[{"embeddable":true,"href":"http:\/\/hdpnoticias.com.ar\/index.php?rest_route=\/wp\/v2\/users\/1"}],"replies":[{"embeddable":true,"href":"http:\/\/hdpnoticias.com.ar\/index.php?rest_route=%2Fwp%2Fv2%2Fcomments&post=2852"}],"version-history":[{"count":1,"href":"http:\/\/hdpnoticias.com.ar\/index.php?rest_route=\/wp\/v2\/posts\/2852\/revisions"}],"predecessor-version":[{"id":2853,"href":"http:\/\/hdpnoticias.com.ar\/index.php?rest_route=\/wp\/v2\/posts\/2852\/revisions\/2853"}],"wp:featuredmedia":[{"embeddable":true,"href":"http:\/\/hdpnoticias.com.ar\/index.php?rest_route=\/wp\/v2\/media\/2797"}],"wp:attachment":[{"href":"http:\/\/hdpnoticias.com.ar\/index.php?rest_route=%2Fwp%2Fv2%2Fmedia&parent=2852"}],"wp:term":[{"taxonomy":"category","embeddable":true,"href":"http:\/\/hdpnoticias.com.ar\/index.php?rest_route=%2Fwp%2Fv2%2Fcategories&post=2852"},{"taxonomy":"post_tag","embeddable":true,"href":"http:\/\/hdpnoticias.com.ar\/index.php?rest_route=%2Fwp%2Fv2%2Ftags&post=2852"}],"curies":[{"name":"wp","href":"https:\/\/api.w.org\/{rel}","templated":true}]}}