{"id":2816,"date":"2023-06-21T12:12:11","date_gmt":"2023-06-21T15:12:11","guid":{"rendered":"http:\/\/hdpnoticias.com.ar\/?p=2816"},"modified":"2023-06-21T12:12:14","modified_gmt":"2023-06-21T15:12:14","slug":"gustavo-martinez-desdobla-elecciones-resistencia-votara-el-5-de-noviembre","status":"publish","type":"post","link":"http:\/\/hdpnoticias.com.ar\/?p=2816","title":{"rendered":"Gustavo Mart\u00ednez desdobla elecciones: Resistencia votar\u00e1 el 5 de noviembre"},"content":{"rendered":"\n<p>El intendente de Resistencia: Gustavo Mart\u00ednez, candidato a gobernador por la Corriente de Expresi\u00f3n Renovada anunci\u00f3 la ma\u00f1ana de este mi\u00e9rcoles que las elecciones a intendente y concejales en la capital ser\u00e1n el 5 de noviembre.<\/p>\n\n\n\n<p>As\u00ed, disoci\u00f3 la convocatoria de las elecciones provinciales del 17 de septiembre, donde se elegir\u00e1 gobernador y vicegobernador, y diputados provinciales. Y agreg\u00f3 que la idea es que las autoridades locales sean electas sin la incidencia de lo que ocurra a nivel nacional y provincial.<\/p>\n\n\n\n<p>En lo inmediato, dijo que CER trabajar\u00e1 para afianzar sus candidatos en toda la provincia y se mantendr\u00e1 independiente, como tercera fuerza, al margen de los reordenamientos que puedan surgir hacia las elecciones de septiembre.<\/p>\n\n\n\n<p>Repasando el resultado de las Paso del domingo pasado, donde la f\u00f3rmula que integra con Viviam Polini consigui\u00f3 el 8,87% de los votos, admiti\u00f3 que no era el resultado esperado, pero confi\u00f3 en poder captar en las generales la atenci\u00f3n del 45% del electorado que no asisti\u00f3 a votar.<\/p>\n\n\n\n<p>Al fundamentar, observ\u00f3 que el men\u00fa de propuestas en las categor\u00edas Diputados, Intendente y Concejales del oficialista Frente Chaque\u00f1o, y la diputa entre los diputados Leandro Zdero y Juan Carlos Polini en el opositor Juntos por el Cambio, gener\u00f3 en las Paso un escenario de polarizaci\u00f3n que ubic\u00f3 a ambas fuerzas muy cerca de su techo.<\/p>\n","protected":false},"excerpt":{"rendered":"<p>El intendente de Resistencia: Gustavo Mart\u00ednez, candidato a gobernador por la Corriente de Expresi\u00f3n Renovada anunci\u00f3 la ma\u00f1ana de este mi\u00e9rcoles que las elecciones a intendente y concejales en la capital ser\u00e1n el 5 de noviembre. As\u00ed, disoci\u00f3 la convocatoria de las elecciones provinciales del 17 de septiembre, donde se elegir\u00e1 gobernador y vicegobernador, y [&hellip;]<\/p>\n","protected":false},"author":1,"featured_media":2817,"comment_status":"open","ping_status":"open","sticky":false,"template":"","format":"standard","meta":{"footnotes":""},"categories":[27],"tags":[29,929,37,1902,1052,1446,242,450,249,991,49,921],"class_list":["post-2816","post","type-post","status-publish","format-standard","has-post-thumbnail","hentry","category-politica","tag-capitanich","tag-cer","tag-chaco","tag-desdoblamiento","tag-frente-chaqueno","tag-generales","tag-gustavo","tag-juntos-por-el-cambio","tag-paso","tag-polini","tag-resistencia","tag-zdero"],"_links":{"self":[{"href":"http:\/\/hdpnoticias.com.ar\/index.php?rest_route=\/wp\/v2\/posts\/2816","targetHints":{"allow":["GET"]}}],"collection":[{"href":"http:\/\/hdpnoticias.com.ar\/index.php?rest_route=\/wp\/v2\/posts"}],"about":[{"href":"http:\/\/hdpnoticias.com.ar\/index.php?rest_route=\/wp\/v2\/types\/post"}],"author":[{"embeddable":true,"href":"http:\/\/hdpnoticias.com.ar\/index.php?rest_route=\/wp\/v2\/users\/1"}],"replies":[{"embeddable":true,"href":"http:\/\/hdpnoticias.com.ar\/index.php?rest_route=%2Fwp%2Fv2%2Fcomments&post=2816"}],"version-history":[{"count":1,"href":"http:\/\/hdpnoticias.com.ar\/index.php?rest_route=\/wp\/v2\/posts\/2816\/revisions"}],"predecessor-version":[{"id":2818,"href":"http:\/\/hdpnoticias.com.ar\/index.php?rest_route=\/wp\/v2\/posts\/2816\/revisions\/2818"}],"wp:featuredmedia":[{"embeddable":true,"href":"http:\/\/hdpnoticias.com.ar\/index.php?rest_route=\/wp\/v2\/media\/2817"}],"wp:attachment":[{"href":"http:\/\/hdpnoticias.com.ar\/index.php?rest_route=%2Fwp%2Fv2%2Fmedia&parent=2816"}],"wp:term":[{"taxonomy":"category","embeddable":true,"href":"http:\/\/hdpnoticias.com.ar\/index.php?rest_route=%2Fwp%2Fv2%2Fcategories&post=2816"},{"taxonomy":"post_tag","embeddable":true,"href":"http:\/\/hdpnoticias.com.ar\/index.php?rest_route=%2Fwp%2Fv2%2Ftags&post=2816"}],"curies":[{"name":"wp","href":"https:\/\/api.w.org\/{rel}","templated":true}]}}