{"id":2769,"date":"2023-06-19T08:25:58","date_gmt":"2023-06-19T11:25:58","guid":{"rendered":"http:\/\/hdpnoticias.com.ar\/?p=2769"},"modified":"2023-06-19T08:26:00","modified_gmt":"2023-06-19T11:26:00","slug":"capitanich-recibio-otra-paliza-en-saenz-pena-y-el-pj-lleva-34-anos-sin-ganar","status":"publish","type":"post","link":"http:\/\/hdpnoticias.com.ar\/?p=2769","title":{"rendered":"Capitanich recibi\u00f3 otra paliza en S\u00e1enz Pe\u00f1a y el PJ lleva 34 a\u00f1os sin ganar"},"content":{"rendered":"\n<p>El Frente Chaque\u00f1o que busca la reelecci\u00f3n del gobernador Jorge Capitanich present\u00f3 27 colectoras en Presidencia Roque S\u00e1enz Pe\u00f1a, en las elecciones primarias, abiertas, simult\u00e1neas y obligatorias del domingo, con el objetivo de cambiar una racha adversa que ya lleva 34 a\u00f1os.<\/p>\n\n\n\n<p>Pero los resultados estuvieron muy lejos de las expectativas del Gobernador: con m\u00e1s del 97 por ciento de los sufragios computados, sum\u00f3 12.164 votos, equivalentes al 31,61%.<\/p>\n\n\n\n<p>En frente, con s\u00f3lo 2 sublemas, Juntos por el Cambio acumulaba 20.641, el 53,63%, en la categor\u00eda a Gobernador y Vicegobernador, en la que Juan Carlos Polini con 14.714 votos super\u00f3 a Leandro Zdero, que consigui\u00f3 5.927, pero que termin\u00f3 imponi\u00e9ndose a nivel provincial.<\/p>\n\n\n\n<p>La diferencia se ampli\u00f3 en la categor\u00eda Intendente, donde Juntos por el Cambio obtuvo 21.193 votos contra 11.906 acumulados por los precandidatos del Frente Chaque\u00f1o de Capitanich. En porcentajes: 55,85 a 31,88.<\/p>\n\n\n\n<p>Y dentro de Juntos por el Cambio a nivel local tambi\u00e9n se extendi\u00f3 la diferencia entre Orden y Trabajo, que postulaba la reelecci\u00f3n de Bruno Cipolini, con 17.366 votos, frente a Jorge G\u00f3mez, de Chaco Cambia, que consigui\u00f3 3.827.<\/p>\n\n\n\n<p><strong>34 a\u00f1os<\/strong><\/p>\n\n\n\n<p>Para repasar el \u00faltimo triunfo de un candidato justicialista en S\u00e1enz Pe\u00f1a hay que remontarse a 1989, cuando result\u00f3 electo Juan Carlos D\u00edaz. Desde entonces el electorado fue esquivo para el Partido Justicialista y sus sucesivas alianzas.<\/p>\n\n\n\n<p>Desde entonces, la campa\u00f1a m\u00e1s entusiasta fue la protagonizada en 2019 por el d\u00fao integrado por Jorge Capitanich como candidato a gobernador y su hermano Daniel como candidato a intendente. Coqui alcanz\u00f3 la gobernaci\u00f3n por la sumatoria de los votos provinciales, pero Dani qued\u00f3 muy lejos de la intendencia y despu\u00e9s de la derrota abandon\u00f3 el plan y hoy es embajador en Nicaragua.<\/p>\n","protected":false},"excerpt":{"rendered":"<p>El Frente Chaque\u00f1o que busca la reelecci\u00f3n del gobernador Jorge Capitanich present\u00f3 27 colectoras en Presidencia Roque S\u00e1enz Pe\u00f1a, en las elecciones primarias, abiertas, simult\u00e1neas y obligatorias del domingo, con el objetivo de cambiar una racha adversa que ya lleva 34 a\u00f1os. Pero los resultados estuvieron muy lejos de las expectativas del Gobernador: con m\u00e1s [&hellip;]<\/p>\n","protected":false},"author":1,"featured_media":2770,"comment_status":"open","ping_status":"open","sticky":false,"template":"","format":"standard","meta":{"footnotes":""},"categories":[27],"tags":[29,37,395,1883,450,249,991,350,95,921],"class_list":["post-2769","post","type-post","status-publish","format-standard","has-post-thumbnail","hentry","category-politica","tag-capitanich","tag-chaco","tag-cipolini","tag-frente-chaqueno-2","tag-juntos-por-el-cambio","tag-paso","tag-polini","tag-reeleccion","tag-saenz-pena","tag-zdero"],"_links":{"self":[{"href":"http:\/\/hdpnoticias.com.ar\/index.php?rest_route=\/wp\/v2\/posts\/2769","targetHints":{"allow":["GET"]}}],"collection":[{"href":"http:\/\/hdpnoticias.com.ar\/index.php?rest_route=\/wp\/v2\/posts"}],"about":[{"href":"http:\/\/hdpnoticias.com.ar\/index.php?rest_route=\/wp\/v2\/types\/post"}],"author":[{"embeddable":true,"href":"http:\/\/hdpnoticias.com.ar\/index.php?rest_route=\/wp\/v2\/users\/1"}],"replies":[{"embeddable":true,"href":"http:\/\/hdpnoticias.com.ar\/index.php?rest_route=%2Fwp%2Fv2%2Fcomments&post=2769"}],"version-history":[{"count":1,"href":"http:\/\/hdpnoticias.com.ar\/index.php?rest_route=\/wp\/v2\/posts\/2769\/revisions"}],"predecessor-version":[{"id":2771,"href":"http:\/\/hdpnoticias.com.ar\/index.php?rest_route=\/wp\/v2\/posts\/2769\/revisions\/2771"}],"wp:featuredmedia":[{"embeddable":true,"href":"http:\/\/hdpnoticias.com.ar\/index.php?rest_route=\/wp\/v2\/media\/2770"}],"wp:attachment":[{"href":"http:\/\/hdpnoticias.com.ar\/index.php?rest_route=%2Fwp%2Fv2%2Fmedia&parent=2769"}],"wp:term":[{"taxonomy":"category","embeddable":true,"href":"http:\/\/hdpnoticias.com.ar\/index.php?rest_route=%2Fwp%2Fv2%2Fcategories&post=2769"},{"taxonomy":"post_tag","embeddable":true,"href":"http:\/\/hdpnoticias.com.ar\/index.php?rest_route=%2Fwp%2Fv2%2Ftags&post=2769"}],"curies":[{"name":"wp","href":"https:\/\/api.w.org\/{rel}","templated":true}]}}