{"id":2765,"date":"2023-06-19T06:52:33","date_gmt":"2023-06-19T09:52:33","guid":{"rendered":"http:\/\/hdpnoticias.com.ar\/?p=2765"},"modified":"2023-06-19T06:52:35","modified_gmt":"2023-06-19T09:52:35","slug":"espectacular-corte-de-boleta-en-barranqueras-capitanich-quedo-lejisimo-de-magda","status":"publish","type":"post","link":"http:\/\/hdpnoticias.com.ar\/?p=2765","title":{"rendered":"Espectacular corte de boleta en Barranqueras: Capitanich qued\u00f3 lej\u00edsimo de Magda"},"content":{"rendered":"\n<p>\u201cPor c\u00e1bala\u201d, Barranqueras es el tradicional escenario del cierre de campa\u00f1a del gobernador Jorge Capitanich. Ah\u00ed encabez\u00f3 el jueves pasado su \u00faltimo acto proselitista, como es habitual, su discurso fue transmitido en vivo y en directo por Chaco TV.<\/p>\n\n\n\n<p>Minutos antes de las 6 de este lunes, con algo m\u00e1s del 80 por ciento de las mesas escrutadas, se advert\u00eda un leve corte de boleta a nivel provincial en el Frente Chaque\u00f1o, que en la categor\u00eda Gobernador y Vicegobernador sumaba 187.455 votos, mientras para Diputados Provinciales consegu\u00eda 190.156; 2.701 votos m\u00e1s.<\/p>\n\n\n\n<p>Hasta ah\u00ed el corte de boleta no parec\u00eda significativo en el mapa provincial, pero haciendo zoom en algunos municipios, se observa que fue ampliamente superado por sus candidatos locales.<\/p>\n\n\n\n<p>Uno de esos casos es el de Barranqueras, donde la intendente Magda Ayala, que busca su reelecci\u00f3n, fue la m\u00e1s votada de la jornada y a esa altura del escrutinio acumulaba 11.185 votos, mientras el Gobernador consegu\u00eda s\u00f3lo 7.686, y era superado tambi\u00e9n por sus candidatos a diputados con 8.082 votos.<\/p>\n\n\n\n<p>Este desnivel le vali\u00f3, sobre todo, una ca\u00edda frente al opositor Juntos por el Cambio, que se impuso con 9.259 votos con un triunfo interno de Leandro Zdero sobre Juan Carlos Polini, y de Alicia Azula sobre Carina Batalla por la candidatura a intendente.<\/p>\n\n\n\n<p>Y en el tercer lugar se ubicaba la Corriente de Expresi\u00f3n Renovada con la f\u00f3rmula encabezada por el intendente de Resistencia: Gustavo Mart\u00ednez con 2.030 votos.<\/p>\n\n\n\n<p>Al contrario de lo ocurrido con Capitanich, tanto Juntos por el Cambio como CER consiguieron m\u00e1s votos en la categor\u00eda Gobernador y Vicegobernador, que en Diputados Provinciales e Intendentes y Concejales.<\/p>\n\n\n\n<p>Esto cambia el perfil de \u201cgran elector\u201d que ostentaba el gobernador, y despu\u00e9s de ser promocionado por a\u00f1os como tractor de votos, pas\u00f3 a ser remolcado por los intendentes con mayor popularidad y a convertirse en un salvavidas de plomo para los que tengan los votos contados.<\/p>\n\n\n\n<figure class=\"wp-block-image size-full is-resized\"><img loading=\"lazy\" decoding=\"async\" src=\"http:\/\/hdpnoticias.com.ar\/wp-content\/uploads\/2023\/06\/Escrutinio-parcial-Barranqueras.jpg\" alt=\"\" class=\"wp-image-2767\" width=\"840\" height=\"209\" srcset=\"http:\/\/hdpnoticias.com.ar\/wp-content\/uploads\/2023\/06\/Escrutinio-parcial-Barranqueras.jpg 929w, http:\/\/hdpnoticias.com.ar\/wp-content\/uploads\/2023\/06\/Escrutinio-parcial-Barranqueras-300x75.jpg 300w, http:\/\/hdpnoticias.com.ar\/wp-content\/uploads\/2023\/06\/Escrutinio-parcial-Barranqueras-768x192.jpg 768w, http:\/\/hdpnoticias.com.ar\/wp-content\/uploads\/2023\/06\/Escrutinio-parcial-Barranqueras-696x174.jpg 696w\" sizes=\"auto, (max-width: 840px) 100vw, 840px\" \/><figcaption class=\"wp-element-caption\">La reelecci\u00f3n del gobernador Capitanich qued\u00f3 muy lejos de la reelecci\u00f3n de la intendente Magda Ayala en Barranqueras.<\/figcaption><\/figure>\n","protected":false},"excerpt":{"rendered":"<p>\u201cPor c\u00e1bala\u201d, Barranqueras es el tradicional escenario del cierre de campa\u00f1a del gobernador Jorge Capitanich. Ah\u00ed encabez\u00f3 el jueves pasado su \u00faltimo acto proselitista, como es habitual, su discurso fue transmitido en vivo y en directo por Chaco TV. Minutos antes de las 6 de este lunes, con algo m\u00e1s del 80 por ciento de [&hellip;]<\/p>\n","protected":false},"author":1,"featured_media":2766,"comment_status":"open","ping_status":"open","sticky":false,"template":"","format":"standard","meta":{"footnotes":""},"categories":[27],"tags":[392,53,29,929,37,1844,1882,1052,242,450,1881,991,921],"class_list":["post-2765","post","type-post","status-publish","format-standard","has-post-thumbnail","hentry","category-politica","tag-ayala","tag-barranqueras","tag-capitanich","tag-cer","tag-chaco","tag-chaco-tv","tag-corte-de-boleta","tag-frente-chaqueno","tag-gustavo","tag-juntos-por-el-cambio","tag-magda","tag-polini","tag-zdero"],"_links":{"self":[{"href":"http:\/\/hdpnoticias.com.ar\/index.php?rest_route=\/wp\/v2\/posts\/2765","targetHints":{"allow":["GET"]}}],"collection":[{"href":"http:\/\/hdpnoticias.com.ar\/index.php?rest_route=\/wp\/v2\/posts"}],"about":[{"href":"http:\/\/hdpnoticias.com.ar\/index.php?rest_route=\/wp\/v2\/types\/post"}],"author":[{"embeddable":true,"href":"http:\/\/hdpnoticias.com.ar\/index.php?rest_route=\/wp\/v2\/users\/1"}],"replies":[{"embeddable":true,"href":"http:\/\/hdpnoticias.com.ar\/index.php?rest_route=%2Fwp%2Fv2%2Fcomments&post=2765"}],"version-history":[{"count":1,"href":"http:\/\/hdpnoticias.com.ar\/index.php?rest_route=\/wp\/v2\/posts\/2765\/revisions"}],"predecessor-version":[{"id":2768,"href":"http:\/\/hdpnoticias.com.ar\/index.php?rest_route=\/wp\/v2\/posts\/2765\/revisions\/2768"}],"wp:featuredmedia":[{"embeddable":true,"href":"http:\/\/hdpnoticias.com.ar\/index.php?rest_route=\/wp\/v2\/media\/2766"}],"wp:attachment":[{"href":"http:\/\/hdpnoticias.com.ar\/index.php?rest_route=%2Fwp%2Fv2%2Fmedia&parent=2765"}],"wp:term":[{"taxonomy":"category","embeddable":true,"href":"http:\/\/hdpnoticias.com.ar\/index.php?rest_route=%2Fwp%2Fv2%2Fcategories&post=2765"},{"taxonomy":"post_tag","embeddable":true,"href":"http:\/\/hdpnoticias.com.ar\/index.php?rest_route=%2Fwp%2Fv2%2Ftags&post=2765"}],"curies":[{"name":"wp","href":"https:\/\/api.w.org\/{rel}","templated":true}]}}