{"id":2615,"date":"2023-06-12T09:03:31","date_gmt":"2023-06-12T12:03:31","guid":{"rendered":"http:\/\/hdpnoticias.com.ar\/?p=2615"},"modified":"2023-06-12T09:03:33","modified_gmt":"2023-06-12T12:03:33","slug":"caso-cecilia-capitanich-intenta-despegarse-de-emerenciano-y-habla-de-intereses-politicos","status":"publish","type":"post","link":"http:\/\/hdpnoticias.com.ar\/?p=2615","title":{"rendered":"Caso Cecilia: Capitanich intenta despegarse de Emerenciano y habla de intereses pol\u00edticos"},"content":{"rendered":"\n<p>El gobernador Jorge Capitanich cont\u00f3 con el dirigente social Emerenciano Sena, jefe del Movimiento Socialista Emerenenciano y del Partido Socialista Unidos por el Chaco, como uno de sus primeros y principales aliados, tan es as\u00ed que el sector encabezado por el mayor l\u00edder piquetero de la provincia integra el oficialista Frente Chaque\u00f1o, como antes integr\u00f3 el Frente Chaco Merece M\u00e1s.<\/p>\n\n\n\n<p>La relaci\u00f3n del gobernador con Emerenciano excede el terreno pol\u00edtico extendi\u00e9ndose al \u00e1mbito personal desde hace muchos a\u00f1os. Una muestra cabal de los lazos que los unen es el hecho de que el dirigente y su esposa Marcela Acu\u00f1a lo hayan elegido como padrino de su boda.<\/p>\n\n\n\n<p>Pero las cosas cambiaron vertiginosamente en los \u00faltimos d\u00edas: Emerenciano Sena, su esposa Marcela Acu\u00f1a, conductora de Mujeres al Frente, y el hijo de ambos: C\u00e9sar Sena, fueron detenidos, sindicados como los principales sospechosos de la desaparici\u00f3n de Cecilia Strzyzowski, de 28 a\u00f1os, pareja de C\u00e9sar.<\/p>\n\n\n\n<p>Adem\u00e1s, el fiscal de Violencia de G\u00e9nero: Jorge C\u00e1ceres Olvera dispuso la detenci\u00f3n de otras 4 personas del entorno inmediato de la familia, al considerarlos tambi\u00e9n implicados en el hecho.<\/p>\n\n\n\n<p>A ra\u00edz de la mediatizaci\u00f3n del caso el Gobierno comenz\u00f3 a ofrecer conferencias de prensa de la ministra de Seguridad y Justicia: Gloria Zalazar, y la secretaria de Derechos Humanos y G\u00e9neros: Silvana P\u00e9rez, para informar sobre la situaci\u00f3n, aunque sin aportar nombres propios.<\/p>\n\n\n\n<p>El s\u00e1bado el Frente Chaque\u00f1o solicit\u00f3 la exclusi\u00f3n de Emerenciano Sena y Marcela Acu\u00f1a como precandidatos a primer diputado provincial e intendente de Resistencia, respectivamente, por el Partido Socialistas Unidos en las Paso del oficialismo.<\/p>\n\n\n\n<p>Y reci\u00e9n el domingo Capitanich hizo referencia al caso en un acto de campa\u00f1a en General San Mart\u00edn, buscando tomar la mayor distancia posible del esc\u00e1ndalo a d\u00edas de las elecciones primarias. \u201cNo vamos a permitir la utilizaci\u00f3n pol\u00edtica\u201d, dijo, sobre su principal preocupaci\u00f3n.<\/p>\n\n\n\n<p>\u201cQue el pueblo y las mujeres del Chaco no duden, siempre vamos a estar del lado de la v\u00edctima para defender absolutamente los derechos de las mujeres. No vamos a dudar de promover la justicia que sea necesaria, pero el titular de la acci\u00f3n penal es el fiscal, el auxiliar de la justicia es la Polic\u00eda, y el Estado va a proponer y va a defender a las v\u00edctimas de cualquier violencia\u201d, expres\u00f3, sin hacer referencia a sus aliados detenidos.<\/p>\n\n\n\n<p>Y al final reconoci\u00f3 que \u201clas mujeres del Chaco necesitan la protecci\u00f3n del Estado\u201d, y prometi\u00f3: \u201cVamos a defender los derechos de la mujer y vamos a terminar definitivamente con esa cultura machista, violenta y agresiva\u201d.<\/p>\n","protected":false},"excerpt":{"rendered":"<p>El gobernador Jorge Capitanich cont\u00f3 con el dirigente social Emerenciano Sena, jefe del Movimiento Socialista Emerenenciano y del Partido Socialista Unidos por el Chaco, como uno de sus primeros y principales aliados, tan es as\u00ed que el sector encabezado por el mayor l\u00edder piquetero de la provincia integra el oficialista Frente Chaque\u00f1o, como antes integr\u00f3 [&hellip;]<\/p>\n","protected":false},"author":1,"featured_media":1735,"comment_status":"open","ping_status":"open","sticky":false,"template":"","format":"standard","meta":{"footnotes":""},"categories":[27],"tags":[29,358,682,793,919,1843,245,548],"class_list":["post-2615","post","type-post","status-publish","format-standard","has-post-thumbnail","hentry","category-politica","tag-capitanich","tag-desaparecida","tag-diputado","tag-emerenciano","tag-escandalo","tag-frente-chacqueno","tag-primarias","tag-violencia-de-genero"],"_links":{"self":[{"href":"http:\/\/hdpnoticias.com.ar\/index.php?rest_route=\/wp\/v2\/posts\/2615","targetHints":{"allow":["GET"]}}],"collection":[{"href":"http:\/\/hdpnoticias.com.ar\/index.php?rest_route=\/wp\/v2\/posts"}],"about":[{"href":"http:\/\/hdpnoticias.com.ar\/index.php?rest_route=\/wp\/v2\/types\/post"}],"author":[{"embeddable":true,"href":"http:\/\/hdpnoticias.com.ar\/index.php?rest_route=\/wp\/v2\/users\/1"}],"replies":[{"embeddable":true,"href":"http:\/\/hdpnoticias.com.ar\/index.php?rest_route=%2Fwp%2Fv2%2Fcomments&post=2615"}],"version-history":[{"count":1,"href":"http:\/\/hdpnoticias.com.ar\/index.php?rest_route=\/wp\/v2\/posts\/2615\/revisions"}],"predecessor-version":[{"id":2616,"href":"http:\/\/hdpnoticias.com.ar\/index.php?rest_route=\/wp\/v2\/posts\/2615\/revisions\/2616"}],"wp:featuredmedia":[{"embeddable":true,"href":"http:\/\/hdpnoticias.com.ar\/index.php?rest_route=\/wp\/v2\/media\/1735"}],"wp:attachment":[{"href":"http:\/\/hdpnoticias.com.ar\/index.php?rest_route=%2Fwp%2Fv2%2Fmedia&parent=2615"}],"wp:term":[{"taxonomy":"category","embeddable":true,"href":"http:\/\/hdpnoticias.com.ar\/index.php?rest_route=%2Fwp%2Fv2%2Fcategories&post=2615"},{"taxonomy":"post_tag","embeddable":true,"href":"http:\/\/hdpnoticias.com.ar\/index.php?rest_route=%2Fwp%2Fv2%2Ftags&post=2615"}],"curies":[{"name":"wp","href":"https:\/\/api.w.org\/{rel}","templated":true}]}}