{"id":2455,"date":"2023-06-03T15:52:40","date_gmt":"2023-06-03T18:52:40","guid":{"rendered":"http:\/\/hdpnoticias.com.ar\/?p=2455"},"modified":"2023-06-03T15:52:42","modified_gmt":"2023-06-03T18:52:42","slug":"menor-al-volante-protagonizo-espectacular-choque-y-vuelco-en-resistencia","status":"publish","type":"post","link":"http:\/\/hdpnoticias.com.ar\/?p=2455","title":{"rendered":"Menor al volante protagoniz\u00f3 espectacular choque y vuelco en Resistencia"},"content":{"rendered":"\n<p>La madrugada de este s\u00e1bado un Fiat Palio conducido por una mujer de 37 a\u00f1os y un Renault Sandero comandado por un adolescente de 17, chocaron en la intersecci\u00f3n de la avenida \u00c1valos y la calle Entre R\u00edos, en el macrocentro de Resistencia.<\/p>\n\n\n\n<p>Tras la colisi\u00f3n, el auto del menor volc\u00f3 y qued\u00f3 con las ruedas hacia arriba.<\/p>\n\n\n\n<p>A pesar de la espectacularidad del siniestro, las personas involucradas resultaron ilesas.<\/p>\n\n\n\n<p>La Polic\u00eda intervino en el episodio pero no realiz\u00f3 ning\u00fan tipo de pericias, ni controles de alcoholemia por considerar que se trat\u00f3 de una colisi\u00f3n simple y sin lesionados.<\/p>\n","protected":false},"excerpt":{"rendered":"<p>La madrugada de este s\u00e1bado un Fiat Palio conducido por una mujer de 37 a\u00f1os y un Renault Sandero comandado por un adolescente de 17, chocaron en la intersecci\u00f3n de la avenida \u00c1valos y la calle Entre R\u00edos, en el macrocentro de Resistencia. Tras la colisi\u00f3n, el auto del menor volc\u00f3 y qued\u00f3 con las [&hellip;]<\/p>\n","protected":false},"author":1,"featured_media":2456,"comment_status":"open","ping_status":"open","sticky":false,"template":"","format":"standard","meta":{"footnotes":""},"categories":[26],"tags":[84,544,88,154,893,1751,747,49,1752,511],"class_list":["post-2455","post","type-post","status-publish","format-standard","has-post-thumbnail","hentry","category-policiales","tag-adolescente","tag-alcoholemia","tag-choque","tag-fiat","tag-menor","tag-palio","tag-renault","tag-resistencia","tag-sander","tag-vuelco"],"_links":{"self":[{"href":"http:\/\/hdpnoticias.com.ar\/index.php?rest_route=\/wp\/v2\/posts\/2455","targetHints":{"allow":["GET"]}}],"collection":[{"href":"http:\/\/hdpnoticias.com.ar\/index.php?rest_route=\/wp\/v2\/posts"}],"about":[{"href":"http:\/\/hdpnoticias.com.ar\/index.php?rest_route=\/wp\/v2\/types\/post"}],"author":[{"embeddable":true,"href":"http:\/\/hdpnoticias.com.ar\/index.php?rest_route=\/wp\/v2\/users\/1"}],"replies":[{"embeddable":true,"href":"http:\/\/hdpnoticias.com.ar\/index.php?rest_route=%2Fwp%2Fv2%2Fcomments&post=2455"}],"version-history":[{"count":1,"href":"http:\/\/hdpnoticias.com.ar\/index.php?rest_route=\/wp\/v2\/posts\/2455\/revisions"}],"predecessor-version":[{"id":2457,"href":"http:\/\/hdpnoticias.com.ar\/index.php?rest_route=\/wp\/v2\/posts\/2455\/revisions\/2457"}],"wp:featuredmedia":[{"embeddable":true,"href":"http:\/\/hdpnoticias.com.ar\/index.php?rest_route=\/wp\/v2\/media\/2456"}],"wp:attachment":[{"href":"http:\/\/hdpnoticias.com.ar\/index.php?rest_route=%2Fwp%2Fv2%2Fmedia&parent=2455"}],"wp:term":[{"taxonomy":"category","embeddable":true,"href":"http:\/\/hdpnoticias.com.ar\/index.php?rest_route=%2Fwp%2Fv2%2Fcategories&post=2455"},{"taxonomy":"post_tag","embeddable":true,"href":"http:\/\/hdpnoticias.com.ar\/index.php?rest_route=%2Fwp%2Fv2%2Ftags&post=2455"}],"curies":[{"name":"wp","href":"https:\/\/api.w.org\/{rel}","templated":true}]}}