{"id":2167,"date":"2023-05-11T22:35:30","date_gmt":"2023-05-12T01:35:30","guid":{"rendered":"http:\/\/hdpnoticias.com.ar\/?p=2167"},"modified":"2023-05-11T22:35:31","modified_gmt":"2023-05-12T01:35:31","slug":"analfabetismo-en-las-escuelas-chaco-prometio-ocuparse-del-tema","status":"publish","type":"post","link":"http:\/\/hdpnoticias.com.ar\/?p=2167","title":{"rendered":"Analfabetismo en las escuelas: Chaco prometi\u00f3 ocuparse del tema"},"content":{"rendered":"\n<p>El gobernador Jorge Capitanich y el ministro de Educaci\u00f3n: Aldo Lineras, firmaron un convenio con Ignacio Igarz\u00e1bal, director ejecutivo de Argentinos por la Educaci\u00f3n, ONG empe\u00f1ada en mejorar los indicadores negativos en materia educativa en el pa\u00eds.<\/p>\n\n\n\n<p>La organizaci\u00f3n se moviliz\u00f3 tras un informe que detect\u00f3 que s\u00f3lo 1 de cada 3 estudiantes de tercer grado de la escuela primaria puede leer e interpretar medianamente lo que lee. En un intento por revertir esta situaci\u00f3n de analfabetismo, lanz\u00f3 una campa\u00f1a que busca el compromiso de las autoridades gubernamentales.<\/p>\n\n\n\n<p>Como parte del convenio, el Gobierno de Chaco se compromete a crear un programa de ense\u00f1anza y aprendizaje que afronte estas circunstancias, financiarlo, e informar peri\u00f3dicamente los resultados alcanzados.<\/p>\n\n\n\n<p>Chaco es la primera provincia en adherir a la campa\u00f1a. Pero la elecci\u00f3n no es casualidad sino el resultado de la preocupaci\u00f3n de la ONG, que en gran parte de sus relevamientos detecta las situaciones m\u00e1s cr\u00edticas entre los estudiantes chaque\u00f1os.<\/p>\n\n\n\n<p>Por ejemplo, a nivel nacional s\u00f3lo el 43% de los estudiantes llegan a sexto grado en el tiempo previsto y con los conocimientos esperados para ese nivel en Lengua y Matem\u00e1ticas. Esta medici\u00f3n ubica en un extremo a la Ciudad Aut\u00f3noma de Buenos Aires, con el 63%, y a Chaco en el otro, con s\u00f3lo el 25%.<\/p>\n","protected":false},"excerpt":{"rendered":"<p>El gobernador Jorge Capitanich y el ministro de Educaci\u00f3n: Aldo Lineras, firmaron un convenio con Ignacio Igarz\u00e1bal, director ejecutivo de Argentinos por la Educaci\u00f3n, ONG empe\u00f1ada en mejorar los indicadores negativos en materia educativa en el pa\u00eds. La organizaci\u00f3n se moviliz\u00f3 tras un informe que detect\u00f3 que s\u00f3lo 1 de cada 3 estudiantes de tercer [&hellip;]<\/p>\n","protected":false},"author":1,"featured_media":2168,"comment_status":"open","ping_status":"open","sticky":false,"template":"","format":"standard","meta":{"footnotes":""},"categories":[6],"tags":[1538,1411,29,37,262,1539,466],"class_list":["post-2167","post","type-post","status-publish","format-standard","has-post-thumbnail","hentry","category-info-general","tag-analfabetismo","tag-argentinos","tag-capitanich","tag-chaco","tag-educacion","tag-igarzabal","tag-lineras"],"_links":{"self":[{"href":"http:\/\/hdpnoticias.com.ar\/index.php?rest_route=\/wp\/v2\/posts\/2167","targetHints":{"allow":["GET"]}}],"collection":[{"href":"http:\/\/hdpnoticias.com.ar\/index.php?rest_route=\/wp\/v2\/posts"}],"about":[{"href":"http:\/\/hdpnoticias.com.ar\/index.php?rest_route=\/wp\/v2\/types\/post"}],"author":[{"embeddable":true,"href":"http:\/\/hdpnoticias.com.ar\/index.php?rest_route=\/wp\/v2\/users\/1"}],"replies":[{"embeddable":true,"href":"http:\/\/hdpnoticias.com.ar\/index.php?rest_route=%2Fwp%2Fv2%2Fcomments&post=2167"}],"version-history":[{"count":1,"href":"http:\/\/hdpnoticias.com.ar\/index.php?rest_route=\/wp\/v2\/posts\/2167\/revisions"}],"predecessor-version":[{"id":2169,"href":"http:\/\/hdpnoticias.com.ar\/index.php?rest_route=\/wp\/v2\/posts\/2167\/revisions\/2169"}],"wp:featuredmedia":[{"embeddable":true,"href":"http:\/\/hdpnoticias.com.ar\/index.php?rest_route=\/wp\/v2\/media\/2168"}],"wp:attachment":[{"href":"http:\/\/hdpnoticias.com.ar\/index.php?rest_route=%2Fwp%2Fv2%2Fmedia&parent=2167"}],"wp:term":[{"taxonomy":"category","embeddable":true,"href":"http:\/\/hdpnoticias.com.ar\/index.php?rest_route=%2Fwp%2Fv2%2Fcategories&post=2167"},{"taxonomy":"post_tag","embeddable":true,"href":"http:\/\/hdpnoticias.com.ar\/index.php?rest_route=%2Fwp%2Fv2%2Ftags&post=2167"}],"curies":[{"name":"wp","href":"https:\/\/api.w.org\/{rel}","templated":true}]}}