{"id":1972,"date":"2023-04-30T11:58:36","date_gmt":"2023-04-30T14:58:36","guid":{"rendered":"http:\/\/hdpnoticias.com.ar\/?p=1972"},"modified":"2023-04-30T19:44:10","modified_gmt":"2023-04-30T22:44:10","slug":"sin-consenso-4-frentes-se-disputaran-el-electorado-peronista-en-las-paso","status":"publish","type":"post","link":"http:\/\/hdpnoticias.com.ar\/?p=1972","title":{"rendered":"Sin consenso: 4 frentes se disputar\u00e1n el electorado peronista en las Paso"},"content":{"rendered":"\n<p>Hasta \u00faltima hora se conocieron corrillos sobre un eventual acuerdo que unifique a las alianzas con base peronista inscriptas para competir en las primarias abiertas, simult\u00e1neas y obligatorias del pr\u00f3ximo 18 de junio.<\/p>\n\n\n\n<p>Pero finalmente el cierre de listas, la medianoche del s\u00e1bado, se dio sin novedades de consenso.<\/p>\n\n\n\n<p>As\u00ed, el oficialista Frente Chaque\u00f1o liderado por el gobernador Jorge Capitanich, precandidato a la reelecci\u00f3n, tendr\u00e1 que ganarse el voto de los adherentes del Partido Justicialista frente a otros tres referentes del peronismo chaque\u00f1o: el intendente de Resistencia: Gustavo Mart\u00ednez, precandidato por la Corriente de Expresi\u00f3n Renovada (CER); el embajador en Paraguay y exgobernador Domingo Peppo, precandidato del frente Unidos por la Gente, y el exvicegobernador Juan Carlos Bacileff Ivanoff, precandidato del Frente Integrador.<\/p>\n\n\n\n<p>Capitanich intentar\u00e1 su cuarto mandato repitiendo la f\u00f3rmula con Anal\u00eda Rach Quiroga como vice. Martinez lleva como compa\u00f1era a la docente Viviam Polini; Bacillef Ivanoff compartir\u00e1 la f\u00f3rmula con el m\u00e9dico C\u00e9sar Pic\u00f3n; y Peppo con el ingeniero Nicol\u00e1s Matta.<\/p>\n\n\n\n<p><strong>Radicales en un frente \u00fanico<\/strong><\/p>\n\n\n\n<p>Por su parte, la oposici\u00f3n reunida en un solo frente: Juntos por el Cambio, podr\u00e1 optar entre la f\u00f3rmula del diputado provincial Leandro Zdero y la concejal charatense Silvana Schneider, y la del diputado nacional Juan Carlos Polini y la exrrectora de la Unne: Delfina Veirav\u00e9.<\/p>\n","protected":false},"excerpt":{"rendered":"<p>Hasta \u00faltima hora se conocieron corrillos sobre un eventual acuerdo que unifique a las alianzas con base peronista inscriptas para competir en las primarias abiertas, simult\u00e1neas y obligatorias del pr\u00f3ximo 18 de junio. Pero finalmente el cierre de listas, la medianoche del s\u00e1bado, se dio sin novedades de consenso. As\u00ed, el oficialista Frente Chaque\u00f1o liderado [&hellip;]<\/p>\n","protected":false},"author":1,"featured_media":1973,"comment_status":"open","ping_status":"open","sticky":false,"template":"","format":"standard","meta":{"footnotes":""},"categories":[27],"tags":[243,29,929,37,671,1232,244,242,642,209,249,241,991,350,49,921],"class_list":["post-1972","post","type-post","status-publish","format-standard","has-post-thumbnail","hentry","category-politica","tag-bacileff-ivanoff","tag-capitanich","tag-cer","tag-chaco","tag-embajador","tag-frente","tag-gobernador","tag-gustavo","tag-martinez","tag-paraguay","tag-paso","tag-peppo","tag-polini","tag-reeleccion","tag-resistencia","tag-zdero"],"_links":{"self":[{"href":"http:\/\/hdpnoticias.com.ar\/index.php?rest_route=\/wp\/v2\/posts\/1972","targetHints":{"allow":["GET"]}}],"collection":[{"href":"http:\/\/hdpnoticias.com.ar\/index.php?rest_route=\/wp\/v2\/posts"}],"about":[{"href":"http:\/\/hdpnoticias.com.ar\/index.php?rest_route=\/wp\/v2\/types\/post"}],"author":[{"embeddable":true,"href":"http:\/\/hdpnoticias.com.ar\/index.php?rest_route=\/wp\/v2\/users\/1"}],"replies":[{"embeddable":true,"href":"http:\/\/hdpnoticias.com.ar\/index.php?rest_route=%2Fwp%2Fv2%2Fcomments&post=1972"}],"version-history":[{"count":2,"href":"http:\/\/hdpnoticias.com.ar\/index.php?rest_route=\/wp\/v2\/posts\/1972\/revisions"}],"predecessor-version":[{"id":1975,"href":"http:\/\/hdpnoticias.com.ar\/index.php?rest_route=\/wp\/v2\/posts\/1972\/revisions\/1975"}],"wp:featuredmedia":[{"embeddable":true,"href":"http:\/\/hdpnoticias.com.ar\/index.php?rest_route=\/wp\/v2\/media\/1973"}],"wp:attachment":[{"href":"http:\/\/hdpnoticias.com.ar\/index.php?rest_route=%2Fwp%2Fv2%2Fmedia&parent=1972"}],"wp:term":[{"taxonomy":"category","embeddable":true,"href":"http:\/\/hdpnoticias.com.ar\/index.php?rest_route=%2Fwp%2Fv2%2Fcategories&post=1972"},{"taxonomy":"post_tag","embeddable":true,"href":"http:\/\/hdpnoticias.com.ar\/index.php?rest_route=%2Fwp%2Fv2%2Ftags&post=1972"}],"curies":[{"name":"wp","href":"https:\/\/api.w.org\/{rel}","templated":true}]}}