{"id":1830,"date":"2023-04-21T21:05:00","date_gmt":"2023-04-22T00:05:00","guid":{"rendered":"http:\/\/hdpnoticias.com.ar\/?p=1830"},"modified":"2023-05-10T09:57:08","modified_gmt":"2023-05-10T12:57:08","slug":"el-patron-del-norte-de-donde-viene-la-cocaina-del-delfin-secuestrada-en-chaco","status":"publish","type":"post","link":"http:\/\/hdpnoticias.com.ar\/?p=1830","title":{"rendered":"El Patr\u00f3n del Norte: de d\u00f3nde viene la coca\u00edna del delf\u00edn secuestrada en Chaco"},"content":{"rendered":"\n<p>La coca\u00edna secuestrada el \u00faltimo lunes por Gendarmer\u00eda en el control de la ruta nacional 11 en Basail, ven\u00eda de Rosario en encomiendas con destino a Chaco y Corrientes.<\/p>\n\n\n\n<p>4,316 kilos en 4 ladrillos que ten\u00edan estampado un delf\u00edn en bajorrelieve, id\u00e9ntica a la de los ladrillos hallados el 21 de marzo en el ba\u00fal de una camioneta abandonada en la calle San Fernando, en el macrocentro de Resistencia.<\/p>\n\n\n\n<p>El detalle del delf\u00edn se repite en coca\u00edna secuestrada en distintos puntos del pa\u00eds, siempre en proporciones considerables.<\/p>\n\n\n\n<p>En Chaco es m\u00e1s que conocido, ya que los m\u00e1s de mil kilos de coca\u00edna de la causa Carb\u00f3n Blanco, que iban a ser despachados a Espa\u00f1a y Portugal desde el Puerto Barranqueras, llevaban esa \u201cmarca\u201d.<\/p>\n\n\n\n<p>El sello calado en la droga es atribuido a Delf\u00edn Reynaldo Castedo fue condenado en diciembre de 2022 por el Tribunal Oral Federal de Salta a 16 a\u00f1os de prisi\u00f3n como jefe de una asociaci\u00f3n il\u00edcita dedicada al narcotr\u00e1fico y al lavado de activos provenientes de esa actividad. Hab\u00eda sido detenido en 2016 tras 8 a\u00f1os pr\u00f3fugo. Tambi\u00e9n fueron condenados su exmujer, su hermano y otros 4 integrantes de la organizaci\u00f3n.<\/p>\n\n\n\n<p>Castedo se gan\u00f3 el mote de \u201cEl Patr\u00f3n del Norte\u201d, ya que posee unas 60 mil hect\u00e1reas divididas por la frontera entra Argentina y Bolivia. Del lado argentino, en Salvador Mazza, tiene su residencia, mientras una de sus hermanas administra la propiedad en territorio boliviano.<\/p>\n\n\n\n<p>La Justicia comprob\u00f3 que ese campo era un paso internacional franco sin ning\u00fan tipo de control del Estado, a trav\u00e9s del cual ingresaba grandes cantidades de coca\u00edna desde Santa Cruz de la Sierra.<\/p>\n\n\n\n<p>Al condenarlo, le decomisaron casi 20 mil de esas hect\u00e1reas pero, por lo visto, la actividad de su clan y el tr\u00e1fico de coca\u00edna a trav\u00e9s de su campo contin\u00faa.<\/p>\n\n\n\n<p>Casualmente, seg\u00fan describi\u00f3 el fiscal federal de Resistencia: Patricio Sabadini, la droga secuestrada en Chaco era despachada desde Or\u00e1n, en Salta, hacia Rosario, y desde ah\u00ed enviada a Resistencia y Corrientes en encomiendas.<\/p>\n\n\n\n<p>Pero la investigaci\u00f3n local a\u00fan est\u00e1 en ciernes y lo primero que se intenta determinar es si el \u201csello de calidad\u201d de la droga realmente pertenece al Clan Castedo o si se trata de un producto ap\u00f3crifo, una imitaci\u00f3n de menor calidad.<\/p>\n","protected":false},"excerpt":{"rendered":"<p>La coca\u00edna secuestrada el \u00faltimo lunes por Gendarmer\u00eda en el control de la ruta nacional 11 en Basail, ven\u00eda de Rosario en encomiendas con destino a Chaco y Corrientes. 4,316 kilos en 4 ladrillos que ten\u00edan estampado un delf\u00edn en bajorrelieve, id\u00e9ntica a la de los ladrillos hallados el 21 de marzo en el ba\u00fal [&hellip;]<\/p>\n","protected":false},"author":1,"featured_media":1831,"comment_status":"open","ping_status":"open","sticky":false,"template":"","format":"standard","meta":{"footnotes":""},"categories":[26],"tags":[53,1294,1293,1295,37,123,1296,182,1024,872,1297],"class_list":["post-1830","post","type-post","status-publish","format-standard","has-post-thumbnail","hentry","category-policiales","tag-barranqueras","tag-blivia","tag-carbon-blanco","tag-castedo","tag-chaco","tag-cocaina","tag-delfin","tag-narcotrafico","tag-sabadini","tag-salta","tag-santa-crus-de-la-sierra"],"_links":{"self":[{"href":"http:\/\/hdpnoticias.com.ar\/index.php?rest_route=\/wp\/v2\/posts\/1830","targetHints":{"allow":["GET"]}}],"collection":[{"href":"http:\/\/hdpnoticias.com.ar\/index.php?rest_route=\/wp\/v2\/posts"}],"about":[{"href":"http:\/\/hdpnoticias.com.ar\/index.php?rest_route=\/wp\/v2\/types\/post"}],"author":[{"embeddable":true,"href":"http:\/\/hdpnoticias.com.ar\/index.php?rest_route=\/wp\/v2\/users\/1"}],"replies":[{"embeddable":true,"href":"http:\/\/hdpnoticias.com.ar\/index.php?rest_route=%2Fwp%2Fv2%2Fcomments&post=1830"}],"version-history":[{"count":3,"href":"http:\/\/hdpnoticias.com.ar\/index.php?rest_route=\/wp\/v2\/posts\/1830\/revisions"}],"predecessor-version":[{"id":2145,"href":"http:\/\/hdpnoticias.com.ar\/index.php?rest_route=\/wp\/v2\/posts\/1830\/revisions\/2145"}],"wp:featuredmedia":[{"embeddable":true,"href":"http:\/\/hdpnoticias.com.ar\/index.php?rest_route=\/wp\/v2\/media\/1831"}],"wp:attachment":[{"href":"http:\/\/hdpnoticias.com.ar\/index.php?rest_route=%2Fwp%2Fv2%2Fmedia&parent=1830"}],"wp:term":[{"taxonomy":"category","embeddable":true,"href":"http:\/\/hdpnoticias.com.ar\/index.php?rest_route=%2Fwp%2Fv2%2Fcategories&post=1830"},{"taxonomy":"post_tag","embeddable":true,"href":"http:\/\/hdpnoticias.com.ar\/index.php?rest_route=%2Fwp%2Fv2%2Ftags&post=1830"}],"curies":[{"name":"wp","href":"https:\/\/api.w.org\/{rel}","templated":true}]}}