{"id":1618,"date":"2023-04-05T20:12:58","date_gmt":"2023-04-05T23:12:58","guid":{"rendered":"http:\/\/hdpnoticias.com.ar\/?p=1618"},"modified":"2023-04-05T20:15:29","modified_gmt":"2023-04-05T23:15:29","slug":"es-ley-restringiran-el-uso-de-celulares-a-los-presos-en-chaco","status":"publish","type":"post","link":"http:\/\/hdpnoticias.com.ar\/?p=1618","title":{"rendered":"Es ley: restringir\u00e1n el uso de celulares a los presos en Chaco"},"content":{"rendered":"\n<p>La Legislatura chaque\u00f1a convirti\u00f3 en ley un proyecto del diputado radical Livio Guti\u00e9rrez para restringir el uso de tel\u00e9fonos celulares y dispositivos de comunicaci\u00f3n a personas detenidas en unidades de la Polic\u00eda y del Servicio Penitenciario y de Readaptaci\u00f3n Social de toda la provincia.<\/p>\n\n\n\n<p>La iniciativa llevaba un buen tiempo en comisiones y volvi\u00f3 a cobrar impulso recientemente por la proliferaci\u00f3n de los delitos cometidos desde las c\u00e1rceles en todo el pa\u00eds, y varios episodios recientemente registrados en comisar\u00edas y alcaid\u00edas en Chaco.<\/p>\n\n\n\n<p>En mayo de 2022<strong><a href=\"http:\/\/hdpnoticias.com.ar\/?p=1615\" target=\"_blank\" rel=\"noreferrer noopener\"> el Gobierno provincial, a trav\u00e9s del Ministerio de Seguridad y Justicia, autoriz\u00f3 la tenencia de tel\u00e9fonos celulares y otros dispositivos m\u00f3viles a los detenidos<\/a><\/strong>. Para eso abri\u00f3 un registro en el que los detenidos deb\u00edan declarar la tenencia del aparato, y en caso de que no contar con uno, las autoridades del centro de detenci\u00f3n deb\u00edan proveerle uno. La decisi\u00f3n fue tomada para garantizar la sociabilizaci\u00f3n, el acceso a la educaci\u00f3n y los v\u00ednculos con sus familiares. Para completar el esquema, deb\u00edan contar adem\u00e1s con conectividad.<\/p>\n\n\n\n<p>Esto gener\u00f3 la reacci\u00f3n de diversos sectores de la sociedad, incluidos los legisladores opositores, que alertaron sobre el incremento de delitos \u201cvirtuales\u201d cometidos por reclusos, incluso vinculados al narcotr\u00e1fico.<\/p>\n\n\n\n<p>En su exposici\u00f3n en el recinto, Guti\u00e9rrez record\u00f3 que la primera iniciativa sobre la cuesti\u00f3n surgi\u00f3 del diputado peronista Oscar Mateo Raff\u00edn, que perdi\u00f3 estado parlamentario por la falta de inter\u00e9s del resto del cuerpo.<\/p>\n\n\n\n<p>Aquel proyecto ameritaba actualizaciones para abarcar los adelantos tecnol\u00f3gicos.<\/p>\n\n\n\n<p>El legislador accedi\u00f3 a remplazar \u201cprohibir\u201d por \u201crestringir\u201d, para garantizar el derecho a la comunicaci\u00f3n y el acceso a la educaci\u00f3n a distancia de los detenidos, algo que era cuestionado por la bancada oficialista.<\/p>\n\n\n\n<p>De todos modos, dijo que la norma no viola ning\u00fan derecho, como ocurre por el mal estado de las c\u00e1rceles y comisar\u00edas, y el hacinamiento, entre otros aspectos vulnerados, sin que el Gobierno reparara esa vulneraci\u00f3n.<\/p>\n\n\n\n<p>Cuando la ley entre en vigor, el Estado deber\u00e1 garantizar la comunicaci\u00f3n desde aparatos identificados y los espacios para estudio con conectividad y computadoas que, por otra parte, se supone que ya existen.<\/p>\n\n\n\n<p><strong>Amplio respaldo<\/strong><\/p>\n\n\n\n<p>La ley fue sancionada con 23 votos de los bloques de la UCR, del Frente Integrador y POR Chaco, m\u00e1s 8 del Frente de Todos.<\/p>\n\n\n\n<p>S\u00f3lo se opusieron los coquistas Claudia Panzardi y Rodrigo Ocampo, y Tere Cubells, del Frente Grande. Mariela Quir\u00f3s y Nicol\u00e1s Slimel, tambi\u00e9n oficialistas, se abstuvieron.<\/p>\n","protected":false},"excerpt":{"rendered":"<p>La Legislatura chaque\u00f1a convirti\u00f3 en ley un proyecto del diputado radical Livio Guti\u00e9rrez para restringir el uso de tel\u00e9fonos celulares y dispositivos de comunicaci\u00f3n a personas detenidas en unidades de la Polic\u00eda y del Servicio Penitenciario y de Readaptaci\u00f3n Social de toda la provincia. La iniciativa llevaba un buen tiempo en comisiones y volvi\u00f3 a [&hellip;]<\/p>\n","protected":false},"author":1,"featured_media":1619,"comment_status":"open","ping_status":"open","sticky":false,"template":"","format":"standard","meta":{"footnotes":""},"categories":[27],"tags":[29,272,285,36,1173,1174,55,284,839,1170],"class_list":["post-1618","post","type-post","status-publish","format-standard","has-post-thumbnail","hentry","category-politica","tag-capitanich","tag-celulares","tag-detenidos","tag-gobierno","tag-gutierrez-2","tag-narcotraficol","tag-policia","tag-presos","tag-seguridad","tag-tablets"],"_links":{"self":[{"href":"http:\/\/hdpnoticias.com.ar\/index.php?rest_route=\/wp\/v2\/posts\/1618","targetHints":{"allow":["GET"]}}],"collection":[{"href":"http:\/\/hdpnoticias.com.ar\/index.php?rest_route=\/wp\/v2\/posts"}],"about":[{"href":"http:\/\/hdpnoticias.com.ar\/index.php?rest_route=\/wp\/v2\/types\/post"}],"author":[{"embeddable":true,"href":"http:\/\/hdpnoticias.com.ar\/index.php?rest_route=\/wp\/v2\/users\/1"}],"replies":[{"embeddable":true,"href":"http:\/\/hdpnoticias.com.ar\/index.php?rest_route=%2Fwp%2Fv2%2Fcomments&post=1618"}],"version-history":[{"count":2,"href":"http:\/\/hdpnoticias.com.ar\/index.php?rest_route=\/wp\/v2\/posts\/1618\/revisions"}],"predecessor-version":[{"id":1621,"href":"http:\/\/hdpnoticias.com.ar\/index.php?rest_route=\/wp\/v2\/posts\/1618\/revisions\/1621"}],"wp:featuredmedia":[{"embeddable":true,"href":"http:\/\/hdpnoticias.com.ar\/index.php?rest_route=\/wp\/v2\/media\/1619"}],"wp:attachment":[{"href":"http:\/\/hdpnoticias.com.ar\/index.php?rest_route=%2Fwp%2Fv2%2Fmedia&parent=1618"}],"wp:term":[{"taxonomy":"category","embeddable":true,"href":"http:\/\/hdpnoticias.com.ar\/index.php?rest_route=%2Fwp%2Fv2%2Fcategories&post=1618"},{"taxonomy":"post_tag","embeddable":true,"href":"http:\/\/hdpnoticias.com.ar\/index.php?rest_route=%2Fwp%2Fv2%2Ftags&post=1618"}],"curies":[{"name":"wp","href":"https:\/\/api.w.org\/{rel}","templated":true}]}}