{"id":1492,"date":"2023-03-28T06:51:47","date_gmt":"2023-03-28T09:51:47","guid":{"rendered":"http:\/\/hdpnoticias.com.ar\/?p=1492"},"modified":"2023-03-28T06:51:50","modified_gmt":"2023-03-28T09:51:50","slug":"video-marchas-contra-el-tarifazo-de-secheep-en-saenz-pena-y-resistencia","status":"publish","type":"post","link":"http:\/\/hdpnoticias.com.ar\/?p=1492","title":{"rendered":"VIDEO | Marchas contra el tarifazo de Secheep en S\u00e1enz Pe\u00f1a y Resistencia"},"content":{"rendered":"\n<p>Vecinos de Presidencia Roque S\u00e1enz Pe\u00f1a marcharon la noche del lunes por el centro de la ciudad para protestar contra el incremento en las tarifas de energ\u00eda el\u00e9ctrica.<\/p>\n\n\n\n<p>\u201cImpagables\u201d, as\u00ed definieron las facturas de Secheep en las que coincidieron el incremento de las tarifas con el mayor consumo propio de esta \u00e9poca del a\u00f1o.<\/p>\n\n\n\n<p>Una protesta similar tuvo lugar en Resistencia, con concentraci\u00f3n en la puerta de la catedral.<\/p>\n\n\n\n<p><strong>Capitanich se equivoc\u00f3 de tarifazo<\/strong><\/p>\n\n\n\n<p>El gobernador Jorge Capitanich dijo por la ma\u00f1ana que la Provincia hab\u00eda absorbido el aumento aplicado por el Gobierno nacional en las tarifas de enero, febrero y marzo. Pero esos aumentos ya fueron facturados. El aumento suspendido moment\u00e1neamente, anunciado por \u00e9l mismo en la Legislatura, es el del <strong><a href=\"http:\/\/hdpnoticias.com.ar\/?p=1044\" target=\"_blank\" rel=\"noreferrer noopener\">40 por ciento definido en la \u00faltima audiencia p\u00fablica<\/a><\/strong> y que deb\u00eda aplicarse a partir de los consumos de abril.<\/p>\n\n\n\n<p><strong>Endeudarse para pagar la luz<\/strong><\/p>\n\n\n\n<p>Capitanich adelant\u00f3 que en los pr\u00f3ximos d\u00edas formalizar\u00eda una <strong><a href=\"http:\/\/hdpnoticias.com.ar\/?p=1480\" target=\"_blank\" rel=\"noreferrer noopener\">l\u00ednea de cr\u00e9dito del NBCH destinada exclusivamente a la cancelaci\u00f3n de las facturas de Secheep<\/a><\/strong>, \u201csin costo financiero\u201d.<\/p>\n\n\n\n<iframe loading=\"lazy\" src=\"https:\/\/www.facebook.com\/plugins\/video.php?height=476&#038;href=https%3A%2F%2Fwww.facebook.com%2Fhdpchaco%2Fvideos%2F599824531769693%2F&#038;show_text=false&#038;width=261&#038;t=0\" width=\"261\" height=\"476\" style=\"border:none;overflow:hidden\" scrolling=\"no\" frameborder=\"0\" allowfullscreen=\"true\" allow=\"autoplay; clipboard-write; encrypted-media; picture-in-picture; web-share\" allowFullScreen=\"true\"><\/iframe>\n","protected":false},"excerpt":{"rendered":"<p>Vecinos de Presidencia Roque S\u00e1enz Pe\u00f1a marcharon la noche del lunes por el centro de la ciudad para protestar contra el incremento en las tarifas de energ\u00eda el\u00e9ctrica. \u201cImpagables\u201d, as\u00ed definieron las facturas de Secheep en las que coincidieron el incremento de las tarifas con el mayor consumo propio de esta \u00e9poca del a\u00f1o. Una [&hellip;]<\/p>\n","protected":false},"author":1,"featured_media":1493,"comment_status":"open","ping_status":"open","sticky":false,"template":"","format":"standard","meta":{"footnotes":""},"categories":[6],"tags":[1060,29,37,1058,303,1059,231,1056,49,95,232,229],"class_list":["post-1492","post","type-post","status-publish","format-standard","has-post-thumbnail","hentry","category-info-general","tag-cacerolazo","tag-capitanich","tag-chaco","tag-creditos","tag-energia","tag-impagables","tag-luz","tag-nbch","tag-resistencia","tag-saenz-pena","tag-secheep","tag-tarifazo"],"_links":{"self":[{"href":"http:\/\/hdpnoticias.com.ar\/index.php?rest_route=\/wp\/v2\/posts\/1492","targetHints":{"allow":["GET"]}}],"collection":[{"href":"http:\/\/hdpnoticias.com.ar\/index.php?rest_route=\/wp\/v2\/posts"}],"about":[{"href":"http:\/\/hdpnoticias.com.ar\/index.php?rest_route=\/wp\/v2\/types\/post"}],"author":[{"embeddable":true,"href":"http:\/\/hdpnoticias.com.ar\/index.php?rest_route=\/wp\/v2\/users\/1"}],"replies":[{"embeddable":true,"href":"http:\/\/hdpnoticias.com.ar\/index.php?rest_route=%2Fwp%2Fv2%2Fcomments&post=1492"}],"version-history":[{"count":1,"href":"http:\/\/hdpnoticias.com.ar\/index.php?rest_route=\/wp\/v2\/posts\/1492\/revisions"}],"predecessor-version":[{"id":1494,"href":"http:\/\/hdpnoticias.com.ar\/index.php?rest_route=\/wp\/v2\/posts\/1492\/revisions\/1494"}],"wp:featuredmedia":[{"embeddable":true,"href":"http:\/\/hdpnoticias.com.ar\/index.php?rest_route=\/wp\/v2\/media\/1493"}],"wp:attachment":[{"href":"http:\/\/hdpnoticias.com.ar\/index.php?rest_route=%2Fwp%2Fv2%2Fmedia&parent=1492"}],"wp:term":[{"taxonomy":"category","embeddable":true,"href":"http:\/\/hdpnoticias.com.ar\/index.php?rest_route=%2Fwp%2Fv2%2Fcategories&post=1492"},{"taxonomy":"post_tag","embeddable":true,"href":"http:\/\/hdpnoticias.com.ar\/index.php?rest_route=%2Fwp%2Fv2%2Ftags&post=1492"}],"curies":[{"name":"wp","href":"https:\/\/api.w.org\/{rel}","templated":true}]}}