{"id":1486,"date":"2023-03-27T22:05:39","date_gmt":"2023-03-28T01:05:39","guid":{"rendered":"http:\/\/hdpnoticias.com.ar\/?p=1486"},"modified":"2023-03-28T06:40:34","modified_gmt":"2023-03-28T09:40:34","slug":"crimen-del-camionero-detuvieron-a-un-sospechoso-en-avia-terai","status":"publish","type":"post","link":"http:\/\/hdpnoticias.com.ar\/?p=1486","title":{"rendered":"Crimen del camionero: detuvieron a un sospechoso en Avia Terai"},"content":{"rendered":"\n<p>La tarde de este lunes la Polic\u00eda detuvo en el barrio Itat\u00ed de Avia Terai a Celestino C\u00e1rdenas, de 50 a\u00f1os, sindicado como integrante de la banda que el martes 20 de marzo <strong><a rel=\"noreferrer noopener\" href=\"http:\/\/hdpnoticias.com.ar\/?p=1401\" target=\"_blank\">asesin\u00f3 a Fernando Francovich<\/a><\/strong>, el camionero de 32 a\u00f1os, oriundo de Villa Ocampo.<\/p>\n\n\n\n<p>Fernando fue acribillado cuando conduc\u00eda su cami\u00f3n Scania por la ruta nacional 16, en Concepci\u00f3n del Bermejo. Escap\u00f3 para pedir ayuda en una estaci\u00f3n de servicio, fue trasladado al hospital 4 de Junio, donde muri\u00f3.<\/p>\n\n\n\n<p>Antes de desvanecerse completamente, cont\u00f3 a otro caminero y a un playero que hab\u00eda sido atacado a tiros desde una Ford Ranger blanca con varios hombres a bordo. Mientras esto ocurr\u00eda, la camioneta, que lo hab\u00eda perseguido, estaba estacionada detr\u00e1s del cami\u00f3n y uno de sus ocupantes revisaba la cabina.<\/p>\n\n\n\n<p>Este sujeto fue visto por uno de los testigos que aport\u00f3 descripciones que permitieron confeccionar un <strong><a href=\"http:\/\/hdpnoticias.com.ar\/?p=1419\" target=\"_blank\" rel=\"noreferrer noopener\">identikit <\/a><\/strong>y orientar la investigaci\u00f3n.<\/p>\n\n\n\n<p>Este detenido se suma a <strong><a href=\"http:\/\/hdpnoticias.com.ar\/?p=1446\" target=\"_blank\" rel=\"noreferrer noopener\">otro hombre de 42 a\u00f1os<\/a><\/strong>, capturado durante un allanamiento en Presidencia Roque S\u00e1enz Pe\u00f1a. Tambi\u00e9n hab\u00eda sido detenido un adolescente que recuper\u00f3 la libertad, aunque despu\u00e9s se dijo que en realidad estaba vinculado a otro hecho.<\/p>\n\n\n\n<p><strong>Inseguridad en Chaco como en Buenos Aires<\/strong><\/p>\n\n\n\n<p>Familiares y colegas de Fernando Francovich se reunieron con el gobernador Jorge Capitanich, la ministra de Seguridad y Justicia: Gloria Zalazar, y jefes policiales, para reclamar el r\u00e1pido esclarecimiento del crimen. Su padre dijo que siempre le recomend\u00f3 viajar por <strong><a href=\"http:\/\/hdpnoticias.com.ar\/?p=1483\" target=\"_blank\" rel=\"noreferrer noopener\">Chaco y otras provincias de la zona a las que consideraba seguras<\/a><\/strong>, pero eso ya cambi\u00f3n.<\/p>\n","protected":false},"excerpt":{"rendered":"<p>La tarde de este lunes la Polic\u00eda detuvo en el barrio Itat\u00ed de Avia Terai a Celestino C\u00e1rdenas, de 50 a\u00f1os, sindicado como integrante de la banda que el martes 20 de marzo asesin\u00f3 a Fernando Francovich, el camionero de 32 a\u00f1os, oriundo de Villa Ocampo. Fernando fue acribillado cuando conduc\u00eda su cami\u00f3n Scania por [&hellip;]<\/p>\n","protected":false},"author":1,"featured_media":1487,"comment_status":"open","ping_status":"open","sticky":false,"template":"","format":"standard","meta":{"footnotes":""},"categories":[26],"tags":[],"class_list":["post-1486","post","type-post","status-publish","format-standard","has-post-thumbnail","hentry","category-policiales"],"_links":{"self":[{"href":"http:\/\/hdpnoticias.com.ar\/index.php?rest_route=\/wp\/v2\/posts\/1486","targetHints":{"allow":["GET"]}}],"collection":[{"href":"http:\/\/hdpnoticias.com.ar\/index.php?rest_route=\/wp\/v2\/posts"}],"about":[{"href":"http:\/\/hdpnoticias.com.ar\/index.php?rest_route=\/wp\/v2\/types\/post"}],"author":[{"embeddable":true,"href":"http:\/\/hdpnoticias.com.ar\/index.php?rest_route=\/wp\/v2\/users\/1"}],"replies":[{"embeddable":true,"href":"http:\/\/hdpnoticias.com.ar\/index.php?rest_route=%2Fwp%2Fv2%2Fcomments&post=1486"}],"version-history":[{"count":3,"href":"http:\/\/hdpnoticias.com.ar\/index.php?rest_route=\/wp\/v2\/posts\/1486\/revisions"}],"predecessor-version":[{"id":1491,"href":"http:\/\/hdpnoticias.com.ar\/index.php?rest_route=\/wp\/v2\/posts\/1486\/revisions\/1491"}],"wp:featuredmedia":[{"embeddable":true,"href":"http:\/\/hdpnoticias.com.ar\/index.php?rest_route=\/wp\/v2\/media\/1487"}],"wp:attachment":[{"href":"http:\/\/hdpnoticias.com.ar\/index.php?rest_route=%2Fwp%2Fv2%2Fmedia&parent=1486"}],"wp:term":[{"taxonomy":"category","embeddable":true,"href":"http:\/\/hdpnoticias.com.ar\/index.php?rest_route=%2Fwp%2Fv2%2Fcategories&post=1486"},{"taxonomy":"post_tag","embeddable":true,"href":"http:\/\/hdpnoticias.com.ar\/index.php?rest_route=%2Fwp%2Fv2%2Ftags&post=1486"}],"curies":[{"name":"wp","href":"https:\/\/api.w.org\/{rel}","templated":true}]}}