{"id":13832,"date":"2026-03-13T18:59:25","date_gmt":"2026-03-13T21:59:25","guid":{"rendered":"https:\/\/hdpnoticias.com.ar\/?p=13832"},"modified":"2026-03-13T18:59:26","modified_gmt":"2026-03-13T21:59:26","slug":"crimen-del-camionero-francovich-declararon-culpables-a-los-4-acusados","status":"publish","type":"post","link":"http:\/\/hdpnoticias.com.ar\/?p=13832","title":{"rendered":"Crimen del camionero Francovich: declararon culpables a los 4 acusados"},"content":{"rendered":"\n<figure class=\"wp-block-image size-full\"><img loading=\"lazy\" decoding=\"async\" width=\"728\" height=\"90\" src=\"http:\/\/hdpnoticias.com.ar\/wp-content\/uploads\/2024\/05\/Nachec.gif\" alt=\"\" class=\"wp-image-6814\"\/><\/figure>\n\n\n\n<p>Este viernes se conoci\u00f3 el veredicto del juicio por jurado por el crimen del camionero Fernando Francovich, de 33 a\u00f1os, oriundo de la ciudad santafesina Villa Ocampo, perpetrado el 21 de marzo de 2023. Se celebr\u00f3 en Presidencia Roque S\u00e1enz Pe\u00f1a, con Nelson Pelliza como juez t\u00e9cnico.<\/p>\n\n\n\n<p>El jurado popular integrado por 5 hombres y 5 mujeres, consider\u00f3 probado que Francovich, que conduc\u00eda un cami\u00f3n Scania, de la empresa de su familia, fue interceptado cuando viajaba por la ruta nacional 16 entre Concepci\u00f3n del Bermejo y Avia Terai, por una banda de piratas del asfalto a bordo de una Ford Ranger, que intent\u00f3 asaltarlo y le efectu\u00f3 varios disparos.<\/p>\n\n\n\n<p>Malherido y con el cristal del cami\u00f3n destrozado por los impactos, continu\u00f3 manejando hasta una estaci\u00f3n de servicio, sobre la ruta. Descendi\u00f3 pidiendo auxilio y se desplom\u00f3.<\/p>\n\n\n\n<p>Mientras era asistido por playeros y clientes, la camioneta de los delincuentes estacion\u00f3 a la par del cami\u00f3n y uno de ellos subi\u00f3 a la cabina para recuperar el arma de fuego que se le hab\u00eda ca\u00eddo.<\/p>\n\n\n\n<p>Fernando fue trasladado de urgencia al hospital 4 de Junio, de Presidencia Roque S\u00e1enz Pe\u00f1a, donde muri\u00f3.<\/p>\n\n\n\n<p>Por esto, Celestino C\u00e1rdenas fue declarado culpable del delito de homicidio califiado por haber sido calificado por no haber logrado el fin propuesto al intentar otro delito, agravado por el uso de arma de fuego. Y Oscar Alfredo C\u00e1rdenas, Carlos Alberto Banegas y Mario Andr\u00e9s Gim\u00e9nez fueron declarados culpables del mismo delito pero en calidad de part\u00edcipes necesarios.<\/p>\n\n\n\n<figure class=\"wp-block-image size-full\"><img loading=\"lazy\" decoding=\"async\" width=\"720\" height=\"90\" src=\"http:\/\/hdpnoticias.com.ar\/wp-content\/uploads\/2024\/05\/Obras-Publicas.gif\" alt=\"\" class=\"wp-image-6818\"\/><\/figure>\n\n\n\n<p>Ahora resta la audiencia de cesura, y luego ser\u00e1 el turno del juez Pelliza, que tendr\u00e1 que dictar sentencia, un acto que, de no mediar alguna circunstancia extraordinaria, es absolutamente previsible, ya que la calificaci\u00f3n del hecho prev\u00e9 tanto el autor como los part\u00edcipes primarios la pena de prisi\u00f3n perpetua.<\/p>\n\n\n\n<figure class=\"wp-block-image size-full\"><img loading=\"lazy\" decoding=\"async\" width=\"720\" height=\"90\" src=\"http:\/\/hdpnoticias.com.ar\/wp-content\/uploads\/2024\/05\/Copy-of-720x90-1.gif\" alt=\"\" class=\"wp-image-6806\"\/><\/figure>\n","protected":false},"excerpt":{"rendered":"<p>Este viernes se conoci\u00f3 el veredicto del juicio por jurado por el crimen del camionero Fernando Francovich, de 33 a\u00f1os, oriundo de la ciudad santafesina Villa Ocampo, perpetrado el 21 de marzo de 2023. Se celebr\u00f3 en Presidencia Roque S\u00e1enz Pe\u00f1a, con Nelson Pelliza como juez t\u00e9cnico. El jurado popular integrado por 5 hombres y [&hellip;]<\/p>\n","protected":false},"author":1,"featured_media":13833,"comment_status":"open","ping_status":"open","sticky":false,"template":"","format":"standard","meta":{"footnotes":""},"categories":[26],"tags":[214,158,1018,87,5700,95,716,717],"class_list":["post-13832","post","type-post","status-publish","format-standard","has-post-thumbnail","hentry","category-policiales","tag-avia-terai","tag-camionero","tag-concepcion-del-bermejo","tag-crimen","tag-criminis-causa","tag-saenz-pena","tag-santa-fe","tag-villa-ocampo"],"_links":{"self":[{"href":"http:\/\/hdpnoticias.com.ar\/index.php?rest_route=\/wp\/v2\/posts\/13832","targetHints":{"allow":["GET"]}}],"collection":[{"href":"http:\/\/hdpnoticias.com.ar\/index.php?rest_route=\/wp\/v2\/posts"}],"about":[{"href":"http:\/\/hdpnoticias.com.ar\/index.php?rest_route=\/wp\/v2\/types\/post"}],"author":[{"embeddable":true,"href":"http:\/\/hdpnoticias.com.ar\/index.php?rest_route=\/wp\/v2\/users\/1"}],"replies":[{"embeddable":true,"href":"http:\/\/hdpnoticias.com.ar\/index.php?rest_route=%2Fwp%2Fv2%2Fcomments&post=13832"}],"version-history":[{"count":1,"href":"http:\/\/hdpnoticias.com.ar\/index.php?rest_route=\/wp\/v2\/posts\/13832\/revisions"}],"predecessor-version":[{"id":13834,"href":"http:\/\/hdpnoticias.com.ar\/index.php?rest_route=\/wp\/v2\/posts\/13832\/revisions\/13834"}],"wp:featuredmedia":[{"embeddable":true,"href":"http:\/\/hdpnoticias.com.ar\/index.php?rest_route=\/wp\/v2\/media\/13833"}],"wp:attachment":[{"href":"http:\/\/hdpnoticias.com.ar\/index.php?rest_route=%2Fwp%2Fv2%2Fmedia&parent=13832"}],"wp:term":[{"taxonomy":"category","embeddable":true,"href":"http:\/\/hdpnoticias.com.ar\/index.php?rest_route=%2Fwp%2Fv2%2Fcategories&post=13832"},{"taxonomy":"post_tag","embeddable":true,"href":"http:\/\/hdpnoticias.com.ar\/index.php?rest_route=%2Fwp%2Fv2%2Ftags&post=13832"}],"curies":[{"name":"wp","href":"https:\/\/api.w.org\/{rel}","templated":true}]}}