{"id":13162,"date":"2025-12-26T22:21:22","date_gmt":"2025-12-27T01:21:22","guid":{"rendered":"https:\/\/hdpnoticias.com.ar\/?p=13162"},"modified":"2025-12-26T22:21:23","modified_gmt":"2025-12-27T01:21:23","slug":"triunfo-de-milei-en-el-senado-aprobaron-el-presupuesto","status":"publish","type":"post","link":"http:\/\/hdpnoticias.com.ar\/?p=13162","title":{"rendered":"Triunfo de Milei en el Senado: aprobaron el Presupuesto"},"content":{"rendered":"\n<figure class=\"wp-block-image size-full\"><img loading=\"lazy\" decoding=\"async\" width=\"720\" height=\"90\" src=\"http:\/\/hdpnoticias.com.ar\/wp-content\/uploads\/2024\/05\/Obras-Publicas.gif\" alt=\"\" class=\"wp-image-6818\"\/><\/figure>\n\n\n\n<p>En Senado de la Naci\u00f3n aprob\u00f3 la Ley de Presupuesto 2026 remitido por el presidente Javier Milei despu\u00e9s de 2 a\u00f1os de gobierno con pr\u00f3rroga del Presupuesto del \u00faltimo a\u00f1o de la presidencia de Alberto Fern\u00e1ndez.<\/p>\n\n\n\n<p>La votaci\u00f3n en general termin\u00f3 con 46 votos a favor y 25 en contra, proporci\u00f3n que se mantuvo en las votaciones de cada cap\u00edtulo en particular. S\u00f3lo hubo un ausente.<\/p>\n\n\n\n<p>S\u00f3lo en la definici\u00f3n del Cap\u00edtulo 2 merm\u00f3 el respaldo pero de todos modos la aprobaci\u00f3n se dio de manera contundente: 42 a 28 y una abstenci\u00f3n.<\/p>\n\n\n\n<p>El kirchnerismo intent\u00f3 imponer varias objeciones a trav\u00e9s del senador chaque\u00f1o Jorge Capitanich. Entre otras, pretend\u00eda que el art\u00edculo 2 del cap\u00edtulo 2, referido a Educaci\u00f3n, sea votado en particular y nominalmente, pero no tuvo eco.<\/p>\n\n\n\n<p>La jefa de la bancada oficialista: Patricia Bullrich celebr\u00f3 la aprobaci\u00f3n en las redes sociales: \u201cArgentina tiene Presupuesto 2026. Lo aprobamos en su totalidad con equilibrio fiscal , orden y crecimiento\u201d, public\u00f3.<\/p>\n","protected":false},"excerpt":{"rendered":"<p>En Senado de la Naci\u00f3n aprob\u00f3 la Ley de Presupuesto 2026 remitido por el presidente Javier Milei despu\u00e9s de 2 a\u00f1os de gobierno con pr\u00f3rroga del Presupuesto del \u00faltimo a\u00f1o de la presidencia de Alberto Fern\u00e1ndez. La votaci\u00f3n en general termin\u00f3 con 46 votos a favor y 25 en contra, proporci\u00f3n que se mantuvo en [&hellip;]<\/p>\n","protected":false},"author":1,"featured_media":13163,"comment_status":"open","ping_status":"open","sticky":false,"template":"","format":"standard","meta":{"footnotes":""},"categories":[27],"tags":[2430,559,29,251,1319,2595,72],"class_list":["post-13162","post","type-post","status-publish","format-standard","has-post-thumbnail","hentry","category-politica","tag-2430","tag-bullrich","tag-capitanich","tag-congreso","tag-milei","tag-presupuesto","tag-senado"],"_links":{"self":[{"href":"http:\/\/hdpnoticias.com.ar\/index.php?rest_route=\/wp\/v2\/posts\/13162","targetHints":{"allow":["GET"]}}],"collection":[{"href":"http:\/\/hdpnoticias.com.ar\/index.php?rest_route=\/wp\/v2\/posts"}],"about":[{"href":"http:\/\/hdpnoticias.com.ar\/index.php?rest_route=\/wp\/v2\/types\/post"}],"author":[{"embeddable":true,"href":"http:\/\/hdpnoticias.com.ar\/index.php?rest_route=\/wp\/v2\/users\/1"}],"replies":[{"embeddable":true,"href":"http:\/\/hdpnoticias.com.ar\/index.php?rest_route=%2Fwp%2Fv2%2Fcomments&post=13162"}],"version-history":[{"count":1,"href":"http:\/\/hdpnoticias.com.ar\/index.php?rest_route=\/wp\/v2\/posts\/13162\/revisions"}],"predecessor-version":[{"id":13164,"href":"http:\/\/hdpnoticias.com.ar\/index.php?rest_route=\/wp\/v2\/posts\/13162\/revisions\/13164"}],"wp:featuredmedia":[{"embeddable":true,"href":"http:\/\/hdpnoticias.com.ar\/index.php?rest_route=\/wp\/v2\/media\/13163"}],"wp:attachment":[{"href":"http:\/\/hdpnoticias.com.ar\/index.php?rest_route=%2Fwp%2Fv2%2Fmedia&parent=13162"}],"wp:term":[{"taxonomy":"category","embeddable":true,"href":"http:\/\/hdpnoticias.com.ar\/index.php?rest_route=%2Fwp%2Fv2%2Fcategories&post=13162"},{"taxonomy":"post_tag","embeddable":true,"href":"http:\/\/hdpnoticias.com.ar\/index.php?rest_route=%2Fwp%2Fv2%2Ftags&post=13162"}],"curies":[{"name":"wp","href":"https:\/\/api.w.org\/{rel}","templated":true}]}}