{"id":13104,"date":"2025-12-20T22:45:00","date_gmt":"2025-12-21T01:45:00","guid":{"rendered":"https:\/\/hdpnoticias.com.ar\/?p=13104"},"modified":"2025-12-20T22:45:05","modified_gmt":"2025-12-21T01:45:05","slug":"barranqueras-zdero-inauguro-la-repavimentacion-de-la-avenida-9-de-julio","status":"publish","type":"post","link":"http:\/\/hdpnoticias.com.ar\/?p=13104","title":{"rendered":"Barranqueras: Zdero inaugur\u00f3 la repavimentaci\u00f3n de la avenida 9 de Julio"},"content":{"rendered":"\n<figure class=\"wp-block-image size-full\"><img loading=\"lazy\" decoding=\"async\" width=\"720\" height=\"90\" src=\"http:\/\/hdpnoticias.com.ar\/wp-content\/uploads\/2024\/05\/Obras-Publicas.gif\" alt=\"\" class=\"wp-image-6818\"\/><\/figure>\n\n\n\n<p>El gobernador Leandro Zdero encabez\u00f3 la ma\u00f1ana de este s\u00e1bado la inauguraci\u00f3n de las obras de pavimentaci\u00f3n y ensanchamiento de la avenida 9 de Julio, en Barranqueras, tramo de16 cuadras que va desde la rotonda de la avenida Espa\u00f1a hasta la de las avenidas Gaboto y Mosconi.<\/p>\n\n\n\n<p>Se trata del bacheo profundo de la calzada anterior, la repavimentaci\u00f3n de la misma, el ensanchamiento de ambos carriles y la platabanda central, adem\u00e1s de la semaforizaci\u00f3n, se\u00f1alizaci\u00f3n y alumbrado central led.<\/p>\n\n\n\n<p>El proyecto incluy\u00f3 la construcci\u00f3n de una plaza inclusiva con juegos infantiles y equipamiento para rehabilitaci\u00f3n, que fue ejecutada en el predio del \u00e1rea de Discapacidad de la Municipalidad, a metros de la 9 de Julio, en el acceso al barrio Ucal.<\/p>\n\n\n\n<p>Al recorrerla, Zdero se entrevist\u00f3 con comerciantes y vecinos, y coincidi\u00f3 con ellos en la importancia de la nueva avenida no s\u00f3lo para el tr\u00e1nsito, sino para la actividad econ\u00f3mica de buena parte de la ciudad.<\/p>\n\n\n\n<p>Esto se suma al tramo renovado en Resistencia, que ya fue habilitado el pasado 9 de diciembre.<\/p>\n\n\n\n<p>\u201cNo fue sencillo, pero desde el primer d\u00eda tuvimos la voluntad pol\u00edtica de llevarla adelante. Los vecinos se la merec\u00edan y ac\u00e1 est\u00e1, despu\u00e9s de tantos a\u00f1os de espera y falsas promesas\u201d, remat\u00f3.<\/p>\n","protected":false},"excerpt":{"rendered":"<p>El gobernador Leandro Zdero encabez\u00f3 la ma\u00f1ana de este s\u00e1bado la inauguraci\u00f3n de las obras de pavimentaci\u00f3n y ensanchamiento de la avenida 9 de Julio, en Barranqueras, tramo de16 cuadras que va desde la rotonda de la avenida Espa\u00f1a hasta la de las avenidas Gaboto y Mosconi. Se trata del bacheo profundo de la calzada [&hellip;]<\/p>\n","protected":false},"author":1,"featured_media":13105,"comment_status":"open","ping_status":"open","sticky":false,"template":"","format":"standard","meta":{"footnotes":""},"categories":[6],"tags":[253,53,809,808,4497,49,921],"class_list":["post-13104","post","type-post","status-publish","format-standard","has-post-thumbnail","hentry","category-info-general","tag-9-de-julio","tag-barranqueras","tag-gaboto","tag-mosconi","tag-repavimentacion","tag-resistencia","tag-zdero"],"_links":{"self":[{"href":"http:\/\/hdpnoticias.com.ar\/index.php?rest_route=\/wp\/v2\/posts\/13104","targetHints":{"allow":["GET"]}}],"collection":[{"href":"http:\/\/hdpnoticias.com.ar\/index.php?rest_route=\/wp\/v2\/posts"}],"about":[{"href":"http:\/\/hdpnoticias.com.ar\/index.php?rest_route=\/wp\/v2\/types\/post"}],"author":[{"embeddable":true,"href":"http:\/\/hdpnoticias.com.ar\/index.php?rest_route=\/wp\/v2\/users\/1"}],"replies":[{"embeddable":true,"href":"http:\/\/hdpnoticias.com.ar\/index.php?rest_route=%2Fwp%2Fv2%2Fcomments&post=13104"}],"version-history":[{"count":1,"href":"http:\/\/hdpnoticias.com.ar\/index.php?rest_route=\/wp\/v2\/posts\/13104\/revisions"}],"predecessor-version":[{"id":13106,"href":"http:\/\/hdpnoticias.com.ar\/index.php?rest_route=\/wp\/v2\/posts\/13104\/revisions\/13106"}],"wp:featuredmedia":[{"embeddable":true,"href":"http:\/\/hdpnoticias.com.ar\/index.php?rest_route=\/wp\/v2\/media\/13105"}],"wp:attachment":[{"href":"http:\/\/hdpnoticias.com.ar\/index.php?rest_route=%2Fwp%2Fv2%2Fmedia&parent=13104"}],"wp:term":[{"taxonomy":"category","embeddable":true,"href":"http:\/\/hdpnoticias.com.ar\/index.php?rest_route=%2Fwp%2Fv2%2Fcategories&post=13104"},{"taxonomy":"post_tag","embeddable":true,"href":"http:\/\/hdpnoticias.com.ar\/index.php?rest_route=%2Fwp%2Fv2%2Ftags&post=13104"}],"curies":[{"name":"wp","href":"https:\/\/api.w.org\/{rel}","templated":true}]}}