{"id":13023,"date":"2025-12-12T16:28:02","date_gmt":"2025-12-12T19:28:02","guid":{"rendered":"https:\/\/hdpnoticias.com.ar\/?p=13023"},"modified":"2025-12-12T16:28:03","modified_gmt":"2025-12-12T19:28:03","slug":"penitenciario-murio-en-choque-en-cadena-en-la-ruta-16","status":"publish","type":"post","link":"http:\/\/hdpnoticias.com.ar\/?p=13023","title":{"rendered":"Penitenciario muri\u00f3 en choque en cadena en la ruta 16"},"content":{"rendered":"\n<figure class=\"wp-block-image size-full\"><img loading=\"lazy\" decoding=\"async\" width=\"720\" height=\"90\" src=\"http:\/\/hdpnoticias.com.ar\/wp-content\/uploads\/2024\/05\/Obras-Publicas.gif\" alt=\"\" class=\"wp-image-6818\"\/><\/figure>\n\n\n\n<p>Minutos despu\u00e9s de las 8 de este viernes, el kil\u00f3metro 165 de la ruta nacional 16, en Presidencia Roque S\u00e1enz Pe\u00f1a, fue escenario de un siniestro vial con saldo fatal.<\/p>\n\n\n\n<p>Un cami\u00f3n de la compa\u00f1\u00eda de transporte Raosa, que hab\u00eda partido de Corrientes, un VW Gol conducido por un efectivo del Servicio Penitenciario Provincial, y una Toyota Hilux en la que viajaban un hombre y una mujer domiciliados en Villa Berthet, se vieron involucrados en un choque en cadena.<\/p>\n\n\n\n<p>La mec\u00e1nica del hecho a\u00fan es materia de investigaci\u00f3n, pero todo indica que el auto habr\u00eda chocado desde atr\u00e1s al cami\u00f3n y pr\u00e1cticamente en el mismo acto fue impactado por la camioneta en el lateral derecho.<\/p>\n\n\n\n<p>Producto de esto, el automovilista: Claudio Alarc\u00f3n, sargento del SPP muri\u00f3. Su auto qued\u00f3 reducido a chatarra. Resid\u00eda en Quitilipi y se dirig\u00eda a S\u00e1enz Pe\u00f1a, donde prestaba servicios en el Complejo Penitenciario 2.<\/p>\n\n\n\n<p><\/p>\n","protected":false},"excerpt":{"rendered":"<p>Minutos despu\u00e9s de las 8 de este viernes, el kil\u00f3metro 165 de la ruta nacional 16, en Presidencia Roque S\u00e1enz Pe\u00f1a, fue escenario de un siniestro vial con saldo fatal. Un cami\u00f3n de la compa\u00f1\u00eda de transporte Raosa, que hab\u00eda partido de Corrientes, un VW Gol conducido por un efectivo del Servicio Penitenciario Provincial, y [&hellip;]<\/p>\n","protected":false},"author":1,"featured_media":13024,"comment_status":"open","ping_status":"open","sticky":false,"template":"","format":"standard","meta":{"footnotes":""},"categories":[26],"tags":[321,3422,605,391,320,5466,218,95,390,100,89],"class_list":["post-13023","post","type-post","status-publish","format-standard","has-post-thumbnail","hentry","category-policiales","tag-benz","tag-choque-en-cadena","tag-gol","tag-hilux","tag-mercedes","tag-quiutilipi","tag-ruta-16","tag-saenz-pena","tag-toyota","tag-tragedia","tag-vw"],"_links":{"self":[{"href":"http:\/\/hdpnoticias.com.ar\/index.php?rest_route=\/wp\/v2\/posts\/13023","targetHints":{"allow":["GET"]}}],"collection":[{"href":"http:\/\/hdpnoticias.com.ar\/index.php?rest_route=\/wp\/v2\/posts"}],"about":[{"href":"http:\/\/hdpnoticias.com.ar\/index.php?rest_route=\/wp\/v2\/types\/post"}],"author":[{"embeddable":true,"href":"http:\/\/hdpnoticias.com.ar\/index.php?rest_route=\/wp\/v2\/users\/1"}],"replies":[{"embeddable":true,"href":"http:\/\/hdpnoticias.com.ar\/index.php?rest_route=%2Fwp%2Fv2%2Fcomments&post=13023"}],"version-history":[{"count":1,"href":"http:\/\/hdpnoticias.com.ar\/index.php?rest_route=\/wp\/v2\/posts\/13023\/revisions"}],"predecessor-version":[{"id":13025,"href":"http:\/\/hdpnoticias.com.ar\/index.php?rest_route=\/wp\/v2\/posts\/13023\/revisions\/13025"}],"wp:featuredmedia":[{"embeddable":true,"href":"http:\/\/hdpnoticias.com.ar\/index.php?rest_route=\/wp\/v2\/media\/13024"}],"wp:attachment":[{"href":"http:\/\/hdpnoticias.com.ar\/index.php?rest_route=%2Fwp%2Fv2%2Fmedia&parent=13023"}],"wp:term":[{"taxonomy":"category","embeddable":true,"href":"http:\/\/hdpnoticias.com.ar\/index.php?rest_route=%2Fwp%2Fv2%2Fcategories&post=13023"},{"taxonomy":"post_tag","embeddable":true,"href":"http:\/\/hdpnoticias.com.ar\/index.php?rest_route=%2Fwp%2Fv2%2Ftags&post=13023"}],"curies":[{"name":"wp","href":"https:\/\/api.w.org\/{rel}","templated":true}]}}