{"id":13011,"date":"2025-12-11T15:42:16","date_gmt":"2025-12-11T18:42:16","guid":{"rendered":"https:\/\/hdpnoticias.com.ar\/?p=13011"},"modified":"2025-12-11T15:42:19","modified_gmt":"2025-12-11T18:42:19","slug":"nuevos-ministros-ferro-asumio-en-gobierno-y-gutierrez-en-desarrollo-humano","status":"publish","type":"post","link":"http:\/\/hdpnoticias.com.ar\/?p=13011","title":{"rendered":"Nuevos ministros: Ferro asumi\u00f3 en Gobierno y Guti\u00e9rrez en Desarrollo Humano"},"content":{"rendered":"\n<figure class=\"wp-block-image size-full\"><img loading=\"lazy\" decoding=\"async\" width=\"728\" height=\"90\" src=\"http:\/\/hdpnoticias.com.ar\/wp-content\/uploads\/2024\/05\/Nachec.gif\" alt=\"\" class=\"wp-image-6814\"\/><\/figure>\n\n\n\n<p>El gobernador Leandro Zdero design\u00f3 este jueves, en el inicio de la segunda mitad de su mandato, a Julio Ferro como ministro de Gobierno, Justicia, Trabajo y Derechos Humanos, y a Diego Guti\u00e9rrez ministro de Desarrollo Humano.<\/p>\n\n\n\n<p>Ferro, que ven\u00eda desempe\u00f1\u00e1ndose como secretario de Legal y T\u00e9cnica, debi\u00f3 renunciar a la banca para la que hab\u00eda sido electo el 11 de mayo. Remplazar\u00e1 a Jorge G\u00f3mez, tambi\u00e9n electo diputado provincial pero que confirm\u00f3 su asunci\u00f3n en la Legislatura, despu\u00e9s de 2 a\u00f1os como ministro.<\/p>\n\n\n\n<p>Guti\u00e9rrez, vocal del Instituto Provincial de Desarrollo Urbano y Vivienda, dej\u00f3 ese y ser\u00e1 el tercer ministro de Desarrollo Humano, despu\u00e9s de Carina Botteri Disoff, que asumi\u00f3 al inicio de la gesti\u00f3n, y de Gabriela Galarza, que condujo la cartera hasta hoy.<\/p>\n","protected":false},"excerpt":{"rendered":"<p>El gobernador Leandro Zdero design\u00f3 este jueves, en el inicio de la segunda mitad de su mandato, a Julio Ferro como ministro de Gobierno, Justicia, Trabajo y Derechos Humanos, y a Diego Guti\u00e9rrez ministro de Desarrollo Humano. Ferro, que ven\u00eda desempe\u00f1\u00e1ndose como secretario de Legal y T\u00e9cnica, debi\u00f3 renunciar a la banca para la que [&hellip;]<\/p>\n","protected":false},"author":1,"featured_media":13012,"comment_status":"open","ping_status":"open","sticky":false,"template":"","format":"standard","meta":{"footnotes":""},"categories":[27],"tags":[682,1204,36,952,45,992,921],"class_list":["post-13011","post","type-post","status-publish","format-standard","has-post-thumbnail","hentry","category-politica","tag-diputado","tag-ferro","tag-gobierno","tag-gutierrez","tag-legislatura","tag-ministro","tag-zdero"],"_links":{"self":[{"href":"http:\/\/hdpnoticias.com.ar\/index.php?rest_route=\/wp\/v2\/posts\/13011","targetHints":{"allow":["GET"]}}],"collection":[{"href":"http:\/\/hdpnoticias.com.ar\/index.php?rest_route=\/wp\/v2\/posts"}],"about":[{"href":"http:\/\/hdpnoticias.com.ar\/index.php?rest_route=\/wp\/v2\/types\/post"}],"author":[{"embeddable":true,"href":"http:\/\/hdpnoticias.com.ar\/index.php?rest_route=\/wp\/v2\/users\/1"}],"replies":[{"embeddable":true,"href":"http:\/\/hdpnoticias.com.ar\/index.php?rest_route=%2Fwp%2Fv2%2Fcomments&post=13011"}],"version-history":[{"count":1,"href":"http:\/\/hdpnoticias.com.ar\/index.php?rest_route=\/wp\/v2\/posts\/13011\/revisions"}],"predecessor-version":[{"id":13013,"href":"http:\/\/hdpnoticias.com.ar\/index.php?rest_route=\/wp\/v2\/posts\/13011\/revisions\/13013"}],"wp:featuredmedia":[{"embeddable":true,"href":"http:\/\/hdpnoticias.com.ar\/index.php?rest_route=\/wp\/v2\/media\/13012"}],"wp:attachment":[{"href":"http:\/\/hdpnoticias.com.ar\/index.php?rest_route=%2Fwp%2Fv2%2Fmedia&parent=13011"}],"wp:term":[{"taxonomy":"category","embeddable":true,"href":"http:\/\/hdpnoticias.com.ar\/index.php?rest_route=%2Fwp%2Fv2%2Fcategories&post=13011"},{"taxonomy":"post_tag","embeddable":true,"href":"http:\/\/hdpnoticias.com.ar\/index.php?rest_route=%2Fwp%2Fv2%2Ftags&post=13011"}],"curies":[{"name":"wp","href":"https:\/\/api.w.org\/{rel}","templated":true}]}}