{"id":13006,"date":"2025-12-10T18:42:00","date_gmt":"2025-12-10T21:42:00","guid":{"rendered":"https:\/\/hdpnoticias.com.ar\/?p=13006"},"modified":"2025-12-11T06:50:59","modified_gmt":"2025-12-11T09:50:59","slug":"zdero-arranca-el-segundo-tiempo-de-su-mandato-con-cambios-en-gobierno-y-desarrollo-humano","status":"publish","type":"post","link":"http:\/\/hdpnoticias.com.ar\/?p=13006","title":{"rendered":"Zdero arranca el segundo tiempo de su mandato con cambios en Gobierno y Desarrollo Humano"},"content":{"rendered":"\n<figure class=\"wp-block-image size-full\"><img loading=\"lazy\" decoding=\"async\" width=\"728\" height=\"90\" src=\"http:\/\/hdpnoticias.com.ar\/wp-content\/uploads\/2024\/05\/Nachec.gif\" alt=\"\" class=\"wp-image-6814\"\/><\/figure>\n\n\n\n<p>El gobernador Leandro Zdero decidi\u00f3 imprimir cambios en 2 carteras clave de su gabinete: Gobierno, Justicia y Derechos Humanos, y Desarrollo Humano, exactamente en la mitad de su mandato.<\/p>\n\n\n\n<p>En el primero de los casos, para remplazar a Jorge G\u00f3mez, que acaba de jurar como diputado provincial y este mi\u00e9rcoles inici\u00f3 su mandato hasta el 10 de diciembre de 2029.<\/p>\n\n\n\n<p>Parad\u00f3jicamente, en su lugar ser\u00e1 designado Julio Ferro, que se encuentra en id\u00e9ntica situaci\u00f3n: acaba de jurar como diputado provincial y este mi\u00e9rcoles inici\u00f3 su mandato, electo el 11 de mayo como candidato en primer lugar.<\/p>\n\n\n\n<p>Y el nuevo ministro de Desarrollo Humano ser\u00e1 Diego Guti\u00e9rrez, actual vocal del Instituto Provincial de Desarrollo Urbano y Vivienda, que relevar\u00e1 a Gabriela Galarza.<\/p>\n\n\n\n<p>Por la renuncia de Ferro a la Legislatura, asumir\u00e1 como diputado provincial Edgardo \u201cTati\u201d Reguera.<\/p>\n\n\n\n<p>Estos cambios se har\u00edan efectivos la ma\u00f1ana del jueves.<\/p>\n","protected":false},"excerpt":{"rendered":"<p>El gobernador Leandro Zdero decidi\u00f3 imprimir cambios en 2 carteras clave de su gabinete: Gobierno, Justicia y Derechos Humanos, y Desarrollo Humano, exactamente en la mitad de su mandato. En el primero de los casos, para remplazar a Jorge G\u00f3mez, que acaba de jurar como diputado provincial y este mi\u00e9rcoles inici\u00f3 su mandato hasta el [&hellip;]<\/p>\n","protected":false},"author":1,"featured_media":8354,"comment_status":"open","ping_status":"open","sticky":false,"template":"","format":"standard","meta":{"footnotes":""},"categories":[27],"tags":[1818,3279,682,1204,36,524,992,921],"class_list":["post-13006","post","type-post","status-publish","format-standard","has-post-thumbnail","hentry","category-politica","tag-derechos-humanos","tag-desarrollo-humano","tag-diputado","tag-ferro","tag-gobierno","tag-gomez","tag-ministro","tag-zdero"],"_links":{"self":[{"href":"http:\/\/hdpnoticias.com.ar\/index.php?rest_route=\/wp\/v2\/posts\/13006","targetHints":{"allow":["GET"]}}],"collection":[{"href":"http:\/\/hdpnoticias.com.ar\/index.php?rest_route=\/wp\/v2\/posts"}],"about":[{"href":"http:\/\/hdpnoticias.com.ar\/index.php?rest_route=\/wp\/v2\/types\/post"}],"author":[{"embeddable":true,"href":"http:\/\/hdpnoticias.com.ar\/index.php?rest_route=\/wp\/v2\/users\/1"}],"replies":[{"embeddable":true,"href":"http:\/\/hdpnoticias.com.ar\/index.php?rest_route=%2Fwp%2Fv2%2Fcomments&post=13006"}],"version-history":[{"count":1,"href":"http:\/\/hdpnoticias.com.ar\/index.php?rest_route=\/wp\/v2\/posts\/13006\/revisions"}],"predecessor-version":[{"id":13007,"href":"http:\/\/hdpnoticias.com.ar\/index.php?rest_route=\/wp\/v2\/posts\/13006\/revisions\/13007"}],"wp:featuredmedia":[{"embeddable":true,"href":"http:\/\/hdpnoticias.com.ar\/index.php?rest_route=\/wp\/v2\/media\/8354"}],"wp:attachment":[{"href":"http:\/\/hdpnoticias.com.ar\/index.php?rest_route=%2Fwp%2Fv2%2Fmedia&parent=13006"}],"wp:term":[{"taxonomy":"category","embeddable":true,"href":"http:\/\/hdpnoticias.com.ar\/index.php?rest_route=%2Fwp%2Fv2%2Fcategories&post=13006"},{"taxonomy":"post_tag","embeddable":true,"href":"http:\/\/hdpnoticias.com.ar\/index.php?rest_route=%2Fwp%2Fv2%2Ftags&post=13006"}],"curies":[{"name":"wp","href":"https:\/\/api.w.org\/{rel}","templated":true}]}}