{"id":1300,"date":"2023-03-13T18:10:49","date_gmt":"2023-03-13T21:10:49","guid":{"rendered":"http:\/\/hdpnoticias.com.ar\/?p=1300"},"modified":"2023-03-13T18:10:51","modified_gmt":"2023-03-13T21:10:51","slug":"leyes-inconstitucionales-el-stj-anulo-la-suspension-de-las-paso-y-las-listas-colectoras","status":"publish","type":"post","link":"http:\/\/hdpnoticias.com.ar\/?p=1300","title":{"rendered":"Leyes inconstitucionales: el STJ anul\u00f3 la suspensi\u00f3n de las Paso y las listas colectoras"},"content":{"rendered":"\n<p>EL Superior Tribunal de Justicia de la Provincia declar\u00f3 inconstitucional la ley 3745 Q que suspend\u00eda por este a\u00f1o las elecciones primarias, abiertas, simult\u00e1neas y obligatorias, y la ley 3746 Q, que instauraba las denominadas \u201clistas colectoras\u201d: la habilitaci\u00f3n para que una f\u00f3rmula de candidatos a gobernador y vice puedan imprimirse en las boletas de varios partidos o alianzas electorales y se computen unificadamente.<\/p>\n\n\n\n<p>Ambas normas fueron sancionadas el 7 de diciembre en la \u00faltima sesi\u00f3n legislativa de 2022 en medio de un esc\u00e1ndalo.<\/p>\n\n\n\n<p>Los proyectos 3511\/22 y 2336\/19, respectivamente, estaban en tratamiento en la Comisi\u00f3n de Asuntos Constitucionales presidida por el radical Sergio Corradi, que llevaba varias reuniones sin actividad por falta de qu\u00f3rum.<\/p>\n\n\n\n<p>Alegando que la Comisi\u00f3n no funcionaba, el oficialismo modific\u00f3 su conformaci\u00f3n incrementando el n\u00famero de integrantes para licuar la incidencia de la oposici\u00f3n y emitir el dictamen.<\/p>\n\n\n\n<p>Ambos proyectos fueron finalmente abordados \u201csobre tablas\u201d, y aprobados por el grueso de la bancada oficialista a instancias del gobernador Jorge Capitanich.<\/p>\n\n\n\n<p>La oposici\u00f3n reaccion\u00f3 denunciando en el mismo recinto que el tr\u00e1mite para ampliar la Comisi\u00f3n de Asuntos Constitucionales fue irregular, por lo tanto no hab\u00eda dictamen posible. Pero, a\u00fan cuando hubiera dictamen, los temas deb\u00edan ser ingresados con el aval de 2 tercios del pleno, n\u00famero imposible de alcanzar para el oficialismo sin acompa\u00f1amiento opositor. Y a esto le sum\u00f3 que la sesi\u00f3n ya estaba ca\u00edda por falta de qu\u00f3rum.<\/p>\n\n\n\n<p>Con estos argumentos el diputado radical Leandro Zdero solicit\u00f3 un amparo ante la C\u00e1mara de Apelaciones en lo Civil y Comercial pidiendo la nulidad de ambas leyes, y se sum\u00f3 Corradi que acudi\u00f3 directamente ante el STJ por la misma raz\u00f3n.<\/p>\n\n\n\n<p>El m\u00e1ximo tribunal unific\u00f3 los expedientes y este mi\u00e9rcoles consinti\u00f3 el planteo opositor declarando la inconstitucionalidad de ambas leyes.<\/p>\n\n\n\n<p>Para los jueves, la constituci\u00f3n de la Comisi\u00f3n de Asuntos Constitucionales fue modificada de manera irregular, lo que invalida todo lo actuado por ella a partir de ese momento. Y en los fundamentos considera que \u201cno dar qu\u00f3rum\u201d es una herramienta v\u00e1lida y que si esto impide el funcionamiento de la comisi\u00f3n deben implementarse los mecanismos previstos en el Reglamento que en este caso fueron soslayados.<\/p>\n\n\n\n<p>Anuladas las leyes 3745 Q y 3746 Q, tambi\u00e9n queda sin efecto el decreto del gobernador Capitanich 3087\/22 convocando a elecciones de gobernador y vicegobernador, y 16 diputados provinciales el 17 de septiembre de 2023.<\/p>\n","protected":false},"excerpt":{"rendered":"<p>EL Superior Tribunal de Justicia de la Provincia declar\u00f3 inconstitucional la ley 3745 Q que suspend\u00eda por este a\u00f1o las elecciones primarias, abiertas, simult\u00e1neas y obligatorias, y la ley 3746 Q, que instauraba las denominadas \u201clistas colectoras\u201d: la habilitaci\u00f3n para que una f\u00f3rmula de candidatos a gobernador y vice puedan imprimirse en las boletas de [&hellip;]<\/p>\n","protected":false},"author":1,"featured_media":1301,"comment_status":"open","ping_status":"open","sticky":false,"template":"","format":"standard","meta":{"footnotes":""},"categories":[27],"tags":[920,29,37,918,246,919,249,245,840,746,921],"class_list":["post-1300","post","type-post","status-publish","format-standard","has-post-thumbnail","hentry","category-politica","tag-amparo","tag-capitanich","tag-chaco","tag-colectoras","tag-elecciones","tag-escandalo","tag-paso","tag-primarias","tag-stj","tag-ucr","tag-zdero"],"_links":{"self":[{"href":"http:\/\/hdpnoticias.com.ar\/index.php?rest_route=\/wp\/v2\/posts\/1300","targetHints":{"allow":["GET"]}}],"collection":[{"href":"http:\/\/hdpnoticias.com.ar\/index.php?rest_route=\/wp\/v2\/posts"}],"about":[{"href":"http:\/\/hdpnoticias.com.ar\/index.php?rest_route=\/wp\/v2\/types\/post"}],"author":[{"embeddable":true,"href":"http:\/\/hdpnoticias.com.ar\/index.php?rest_route=\/wp\/v2\/users\/1"}],"replies":[{"embeddable":true,"href":"http:\/\/hdpnoticias.com.ar\/index.php?rest_route=%2Fwp%2Fv2%2Fcomments&post=1300"}],"version-history":[{"count":1,"href":"http:\/\/hdpnoticias.com.ar\/index.php?rest_route=\/wp\/v2\/posts\/1300\/revisions"}],"predecessor-version":[{"id":1302,"href":"http:\/\/hdpnoticias.com.ar\/index.php?rest_route=\/wp\/v2\/posts\/1300\/revisions\/1302"}],"wp:featuredmedia":[{"embeddable":true,"href":"http:\/\/hdpnoticias.com.ar\/index.php?rest_route=\/wp\/v2\/media\/1301"}],"wp:attachment":[{"href":"http:\/\/hdpnoticias.com.ar\/index.php?rest_route=%2Fwp%2Fv2%2Fmedia&parent=1300"}],"wp:term":[{"taxonomy":"category","embeddable":true,"href":"http:\/\/hdpnoticias.com.ar\/index.php?rest_route=%2Fwp%2Fv2%2Fcategories&post=1300"},{"taxonomy":"post_tag","embeddable":true,"href":"http:\/\/hdpnoticias.com.ar\/index.php?rest_route=%2Fwp%2Fv2%2Ftags&post=1300"}],"curies":[{"name":"wp","href":"https:\/\/api.w.org\/{rel}","templated":true}]}}