{"id":12932,"date":"2025-12-01T20:10:18","date_gmt":"2025-12-01T23:10:18","guid":{"rendered":"https:\/\/hdpnoticias.com.ar\/?p=12932"},"modified":"2025-12-01T21:57:20","modified_gmt":"2025-12-02T00:57:20","slug":"testimoniales-ni-capitanich-ni-sander-asumieron-su-banca-en-la-legislatura","status":"publish","type":"post","link":"http:\/\/hdpnoticias.com.ar\/?p=12932","title":{"rendered":"Testimoniales: ni Capitanich ni Sander asumieron su banca en la Legislatura"},"content":{"rendered":"\n<figure class=\"wp-block-image size-full\"><img loading=\"lazy\" decoding=\"async\" width=\"720\" height=\"90\" src=\"http:\/\/hdpnoticias.com.ar\/wp-content\/uploads\/2024\/05\/Obras-Publicas.gif\" alt=\"\" class=\"wp-image-6818\"\/><\/figure>\n\n\n\n<p>El intendente de Juan Jos\u00e9 Castelli: P\u00edo Sander, fue electo diputado provincial por el Frente Chaque\u00f1o el pasado 11 de junio, ocupando el tercer lugar de la lista de candidatos encabezada por el exgobernador Jorge Capitanich.<\/p>\n\n\n\n<p>El primer desertor de la n\u00f3mina de diputados electos fue el mismo Capitanich, que en octubre fue tambi\u00e9n electo senador nacional y prefiri\u00f3 ocupar la banca en el Congreso, dejando la vacante en la Legislatura provincial, y fue remplazado por Sebasti\u00e1n Ben\u00edtez Molas.<\/p>\n\n\n\n<p>Este lunes se realiz\u00f3 la sesi\u00f3n preparatoria para incorporar a los 16 nuevos diputados y tomarles el juramento de rigor, entre ellos el intendente Sander, pero en el momento preciso, la Comisi\u00f3n de Poderes recibi\u00f3, en lugar de sus pliegos, su renuncia indeclinable a la diputaci\u00f3n.<\/p>\n\n\n\n<p>En el mismo acto fue remplazado por Lucas Nass, oriundo de Las Bre\u00f1as, que prest\u00f3 juramento en \u00faltimo lugar, luego del despacho de rigor autorizando su incorporaci\u00f3n.<\/p>\n\n\n\n<p><strong>Operativo clamor<\/strong><\/p>\n\n\n\n<p>La \u00faltima semana grupos de dirigentes y miltantes peronistas, y algunas entidades de Castelli, planteaban la necesidad de <strong><a href=\"https:\/\/hdpnoticias.com.ar\/?p=12891\">que Sander contin\u00fae al frente de la intendencia<\/a><\/strong>, una maniobra desplegada por el propio intendente como manera de adelantar su renuncia y amortiguar la decepci\u00f3n que otra candidatura testimonial generar\u00eda en el electorado.<\/p>\n","protected":false},"excerpt":{"rendered":"<p>El intendente de Juan Jos\u00e9 Castelli: P\u00edo Sander, fue electo diputado provincial por el Frente Chaque\u00f1o el pasado 11 de junio, ocupando el tercer lugar de la lista de candidatos encabezada por el exgobernador Jorge Capitanich. El primer desertor de la n\u00f3mina de diputados electos fue el mismo Capitanich, que en octubre fue tambi\u00e9n electo [&hellip;]<\/p>\n","protected":false},"author":1,"featured_media":12933,"comment_status":"open","ping_status":"open","sticky":false,"template":"","format":"standard","meta":{"footnotes":""},"categories":[27],"tags":[29,4686,71,45,1752,4755],"class_list":["post-12932","post","type-post","status-publish","format-standard","has-post-thumbnail","hentry","category-politica","tag-capitanich","tag-chaco-merece-mas","tag-diputados","tag-legislatura","tag-sander","tag-testimoniales"],"_links":{"self":[{"href":"http:\/\/hdpnoticias.com.ar\/index.php?rest_route=\/wp\/v2\/posts\/12932","targetHints":{"allow":["GET"]}}],"collection":[{"href":"http:\/\/hdpnoticias.com.ar\/index.php?rest_route=\/wp\/v2\/posts"}],"about":[{"href":"http:\/\/hdpnoticias.com.ar\/index.php?rest_route=\/wp\/v2\/types\/post"}],"author":[{"embeddable":true,"href":"http:\/\/hdpnoticias.com.ar\/index.php?rest_route=\/wp\/v2\/users\/1"}],"replies":[{"embeddable":true,"href":"http:\/\/hdpnoticias.com.ar\/index.php?rest_route=%2Fwp%2Fv2%2Fcomments&post=12932"}],"version-history":[{"count":1,"href":"http:\/\/hdpnoticias.com.ar\/index.php?rest_route=\/wp\/v2\/posts\/12932\/revisions"}],"predecessor-version":[{"id":12934,"href":"http:\/\/hdpnoticias.com.ar\/index.php?rest_route=\/wp\/v2\/posts\/12932\/revisions\/12934"}],"wp:featuredmedia":[{"embeddable":true,"href":"http:\/\/hdpnoticias.com.ar\/index.php?rest_route=\/wp\/v2\/media\/12933"}],"wp:attachment":[{"href":"http:\/\/hdpnoticias.com.ar\/index.php?rest_route=%2Fwp%2Fv2%2Fmedia&parent=12932"}],"wp:term":[{"taxonomy":"category","embeddable":true,"href":"http:\/\/hdpnoticias.com.ar\/index.php?rest_route=%2Fwp%2Fv2%2Fcategories&post=12932"},{"taxonomy":"post_tag","embeddable":true,"href":"http:\/\/hdpnoticias.com.ar\/index.php?rest_route=%2Fwp%2Fv2%2Ftags&post=12932"}],"curies":[{"name":"wp","href":"https:\/\/api.w.org\/{rel}","templated":true}]}}