{"id":12891,"date":"2025-11-26T23:15:00","date_gmt":"2025-11-27T02:15:00","guid":{"rendered":"https:\/\/hdpnoticias.com.ar\/?p=12891"},"modified":"2025-11-27T06:36:28","modified_gmt":"2025-11-27T09:36:28","slug":"operativo-clamor-para-que-pio-sander-siga-en-la-intendencia-de-castelli","status":"publish","type":"post","link":"http:\/\/hdpnoticias.com.ar\/?p=12891","title":{"rendered":"&#8220;Operativo clamor&#8221; para que P\u00edo Sander siga en la intendencia de Castelli"},"content":{"rendered":"\n<figure class=\"wp-block-image size-full\"><img loading=\"lazy\" decoding=\"async\" width=\"720\" height=\"90\" src=\"http:\/\/hdpnoticias.com.ar\/wp-content\/uploads\/2024\/05\/Copy-of-720x90-1.gif\" alt=\"\" class=\"wp-image-6806\"\/><\/figure>\n\n\n\n<p>El intendente de Juan Jos\u00e9 Castelli: P\u00edo Sander, es uno de los 6 diputados provinciales electos por el frente coquista Chaco Merece M\u00e1s en las elecciones de mayo, cuando ocup\u00f3 el tercer lugar de la lista encabezada por el exgobernador Jorge Capitanich.<\/p>\n\n\n\n<p>En campa\u00f1a y tras las elecciones, hab\u00eda negado insistentemente ser un candidato \u201ctestimonial\u201d, mientras aseguraba que la intendencia quedar\u00eda en buenas manos, y que ya estaba todo acordado para la asunci\u00f3n de la presidente del Concejo Municipal: Soledad Rach.<\/p>\n\n\n\n<p>Sin embargo, en los \u00faltimos d\u00edas se despleg\u00f3 un verdadero \u201coperativo clamor\u201d con la intervenci\u00f3n de varios sectores que solicitan su continuidad como intendente. Grupos de militantes, comerciantes y hasta la propia concejal Rach formalizaron pedidos para que no suelte las riendas de la administraci\u00f3n municipal.<\/p>\n\n\n\n<p>Por el momento se desconoce si mantendr\u00e1 su palabra o cambiar\u00e1 de decisi\u00f3n. Si opta por continuar como intendente, ser\u00e1 el otro testimonial, detr\u00e1s de Capitanich que, aunque a\u00fan no confirm\u00f3 si ocupar\u00e1 la banca provincial obtenida en mayo o la de senador que consigui\u00f3 en octubre, todo hace presumir que se inclinar\u00e1 por lo segundo.<\/p>\n\n\n\n<p><strong>No somos testimoniales<\/strong><\/p>\n\n\n\n<p>Las candidaturas testimoniales, principalmente la de Capitanich, era uno de los principales cuestionamientos de quienes decidieron en mayo conformar el frente Primero Chaco, y presentar una propuesta alternativa con el diputado Atlanto Honcheruk y la intendente de Barranqueras: Magda Ayala, a la cabeza, y lograron 2 bancas en la Legislatura.<\/p>\n\n\n\n<p>En cierta medida, Ayala promete honrar su compromiso con el electorado y asumir\u00e1 como diputada, aunque no renunci\u00f3 a la intendencia y s\u00f3lo dejar\u00e1 el cargo mediante una licencia sin t\u00e9rmino, que le permitir\u00e1 reasumir en cualquier momento.<\/p>\n","protected":false},"excerpt":{"rendered":"<p>El intendente de Juan Jos\u00e9 Castelli: P\u00edo Sander, es uno de los 6 diputados provinciales electos por el frente coquista Chaco Merece M\u00e1s en las elecciones de mayo, cuando ocup\u00f3 el tercer lugar de la lista encabezada por el exgobernador Jorge Capitanich. En campa\u00f1a y tras las elecciones, hab\u00eda negado insistentemente ser un candidato \u201ctestimonial\u201d, [&hellip;]<\/p>\n","protected":false},"author":1,"featured_media":12892,"comment_status":"open","ping_status":"open","sticky":false,"template":"","format":"standard","meta":{"footnotes":""},"categories":[27],"tags":[392,53,29,129,682,1881,5433,4860,1752,4751],"class_list":["post-12891","post","type-post","status-publish","format-standard","has-post-thumbnail","hentry","category-politica","tag-ayala","tag-barranqueras","tag-capitanich","tag-castelli","tag-diputado","tag-magda","tag-operativo-clamor","tag-pio","tag-sander","tag-testimonial"],"_links":{"self":[{"href":"http:\/\/hdpnoticias.com.ar\/index.php?rest_route=\/wp\/v2\/posts\/12891","targetHints":{"allow":["GET"]}}],"collection":[{"href":"http:\/\/hdpnoticias.com.ar\/index.php?rest_route=\/wp\/v2\/posts"}],"about":[{"href":"http:\/\/hdpnoticias.com.ar\/index.php?rest_route=\/wp\/v2\/types\/post"}],"author":[{"embeddable":true,"href":"http:\/\/hdpnoticias.com.ar\/index.php?rest_route=\/wp\/v2\/users\/1"}],"replies":[{"embeddable":true,"href":"http:\/\/hdpnoticias.com.ar\/index.php?rest_route=%2Fwp%2Fv2%2Fcomments&post=12891"}],"version-history":[{"count":1,"href":"http:\/\/hdpnoticias.com.ar\/index.php?rest_route=\/wp\/v2\/posts\/12891\/revisions"}],"predecessor-version":[{"id":12893,"href":"http:\/\/hdpnoticias.com.ar\/index.php?rest_route=\/wp\/v2\/posts\/12891\/revisions\/12893"}],"wp:featuredmedia":[{"embeddable":true,"href":"http:\/\/hdpnoticias.com.ar\/index.php?rest_route=\/wp\/v2\/media\/12892"}],"wp:attachment":[{"href":"http:\/\/hdpnoticias.com.ar\/index.php?rest_route=%2Fwp%2Fv2%2Fmedia&parent=12891"}],"wp:term":[{"taxonomy":"category","embeddable":true,"href":"http:\/\/hdpnoticias.com.ar\/index.php?rest_route=%2Fwp%2Fv2%2Fcategories&post=12891"},{"taxonomy":"post_tag","embeddable":true,"href":"http:\/\/hdpnoticias.com.ar\/index.php?rest_route=%2Fwp%2Fv2%2Ftags&post=12891"}],"curies":[{"name":"wp","href":"https:\/\/api.w.org\/{rel}","templated":true}]}}