{"id":12832,"date":"2025-11-19T09:21:00","date_gmt":"2025-11-19T12:21:00","guid":{"rendered":"https:\/\/hdpnoticias.com.ar\/?p=12832"},"modified":"2025-11-19T21:32:13","modified_gmt":"2025-11-20T00:32:13","slug":"zdero-oficializo-el-recambio-de-autoridades-en-el-insssep","status":"publish","type":"post","link":"http:\/\/hdpnoticias.com.ar\/?p=12832","title":{"rendered":"Zdero oficializ\u00f3 el recambio de autoridades en el Insssep"},"content":{"rendered":"\n<figure class=\"wp-block-image size-full\"><img loading=\"lazy\" decoding=\"async\" width=\"720\" height=\"90\" src=\"http:\/\/hdpnoticias.com.ar\/wp-content\/uploads\/2024\/05\/Obras-Publicas.gif\" alt=\"\" class=\"wp-image-6818\"\/><\/figure>\n\n\n\n<p>El gobernador Leandro Zdero acompa\u00f1ado de la secretaria general de la Gobernaci\u00f3n: Carolina Meiri\u00f1o, oficializaron la renovaci\u00f3n de autoridades del Instituto de Seguridad social Seguros y Pr\u00e9stamos (Insssep), tras la renuncia de la presidente Irene Dumrauf.<\/p>\n\n\n\n<p>El m\u00e9dico Rafael Meneses, que hasta ahora se desempe\u00f1\u00f3 como subsecretario de Programaci\u00f3n y Gesti\u00f3n Estrat\u00e9gica del Ministerio de Salud P\u00fablica, asumi\u00f3 la presidencia del Directorio,<\/p>\n\n\n\n<p>El contador Fernando C\u00e9sar Alesso, ser\u00e1 vicepresidente. Es magister en Econom\u00eda y Gesti\u00f3n de la Salud, y docente de Administraci\u00f3n Sanitaria en la Maestr\u00eda en Salud P\u00fablica de la Fundaci\u00f3n H.A. Barcel\u00f3 (CABA).<\/p>\n\n\n\n<p>Zdero agradeci\u00f3 y valor\u00f3 el trabajo realizado por Dumrauf y todo su equipo, al frente del organismo, y remarc\u00f3 la necesidad de \u201ccontinuar fortaleciendo la gesti\u00f3n para dar respuestas a las demandas de los afiliados\u201d, y complet\u00f3: \u201cDebemos seguir ordenando el Insssep para lograr una atenci\u00f3n m\u00e1s eficiente y cercana\u201d.<\/p>\n","protected":false},"excerpt":{"rendered":"<p>El gobernador Leandro Zdero acompa\u00f1ado de la secretaria general de la Gobernaci\u00f3n: Carolina Meiri\u00f1o, oficializaron la renovaci\u00f3n de autoridades del Instituto de Seguridad social Seguros y Pr\u00e9stamos (Insssep), tras la renuncia de la presidente Irene Dumrauf. El m\u00e9dico Rafael Meneses, que hasta ahora se desempe\u00f1\u00f3 como subsecretario de Programaci\u00f3n y Gesti\u00f3n Estrat\u00e9gica del Ministerio de [&hellip;]<\/p>\n","protected":false},"author":1,"featured_media":12833,"comment_status":"open","ping_status":"open","sticky":false,"template":"","format":"standard","meta":{"footnotes":""},"categories":[6],"tags":[2963,1182,3039,5413,2608,921],"class_list":["post-12832","post","type-post","status-publish","format-standard","has-post-thumbnail","hentry","category-info-general","tag-dumrauf","tag-insssep","tag-meirino","tag-meneses","tag-obra-social","tag-zdero"],"_links":{"self":[{"href":"http:\/\/hdpnoticias.com.ar\/index.php?rest_route=\/wp\/v2\/posts\/12832","targetHints":{"allow":["GET"]}}],"collection":[{"href":"http:\/\/hdpnoticias.com.ar\/index.php?rest_route=\/wp\/v2\/posts"}],"about":[{"href":"http:\/\/hdpnoticias.com.ar\/index.php?rest_route=\/wp\/v2\/types\/post"}],"author":[{"embeddable":true,"href":"http:\/\/hdpnoticias.com.ar\/index.php?rest_route=\/wp\/v2\/users\/1"}],"replies":[{"embeddable":true,"href":"http:\/\/hdpnoticias.com.ar\/index.php?rest_route=%2Fwp%2Fv2%2Fcomments&post=12832"}],"version-history":[{"count":1,"href":"http:\/\/hdpnoticias.com.ar\/index.php?rest_route=\/wp\/v2\/posts\/12832\/revisions"}],"predecessor-version":[{"id":12834,"href":"http:\/\/hdpnoticias.com.ar\/index.php?rest_route=\/wp\/v2\/posts\/12832\/revisions\/12834"}],"wp:featuredmedia":[{"embeddable":true,"href":"http:\/\/hdpnoticias.com.ar\/index.php?rest_route=\/wp\/v2\/media\/12833"}],"wp:attachment":[{"href":"http:\/\/hdpnoticias.com.ar\/index.php?rest_route=%2Fwp%2Fv2%2Fmedia&parent=12832"}],"wp:term":[{"taxonomy":"category","embeddable":true,"href":"http:\/\/hdpnoticias.com.ar\/index.php?rest_route=%2Fwp%2Fv2%2Fcategories&post=12832"},{"taxonomy":"post_tag","embeddable":true,"href":"http:\/\/hdpnoticias.com.ar\/index.php?rest_route=%2Fwp%2Fv2%2Ftags&post=12832"}],"curies":[{"name":"wp","href":"https:\/\/api.w.org\/{rel}","templated":true}]}}