{"id":12827,"date":"2025-11-19T20:50:37","date_gmt":"2025-11-19T23:50:37","guid":{"rendered":"https:\/\/hdpnoticias.com.ar\/?p=12827"},"modified":"2025-11-19T21:00:44","modified_gmt":"2025-11-20T00:00:44","slug":"piden-frenar-la-asuncion-de-capitanich-en-el-senado-por-inhabilidad-moral-y-etica","status":"publish","type":"post","link":"http:\/\/hdpnoticias.com.ar\/?p=12827","title":{"rendered":"Piden frenar la asunci\u00f3n de Capitanich en el Senado por inhabilidad moral y \u00e9tica"},"content":{"rendered":"\n<p><\/p>\n\n\n\n<figure class=\"wp-block-image size-full\"><img loading=\"lazy\" decoding=\"async\" width=\"728\" height=\"90\" src=\"http:\/\/hdpnoticias.com.ar\/wp-content\/uploads\/2024\/05\/Nachec.gif\" alt=\"\" class=\"wp-image-6814\"\/><\/figure>\n\n\n\n<p>El exgobernador Jorge Capitanich se prepara para asumir como senador por el Chaco, en representaci\u00f3n de la oposici\u00f3n, electo por el frente kirchnerista Fuerza Patria, pero una presentaci\u00f3n de La Libertad Avanza busca frenar su ingreso a la C\u00e1mara Alta.<\/p>\n\n\n\n<p>Rafael Serfaty, dirigente de La Libertad Avanza del Chaco, hizo una presentaci\u00f3n ante el Senado alegando inhabilidad moral y \u00e9tica de Capitanich, por las causas judiciales que enfrente, una de las cuales, denominada <strong><a href=\"https:\/\/hdpnoticias.com.ar\/?p=10609\">\u201cF\u00fatbol para Todos\u201d, en la que se investigan hechos de corrupci\u00f3n en tiempos en que se desempe\u00f1aba como jefe de Gabinete de Cristina Fern\u00e1ndez<\/a><\/strong>, y el pr\u00f3ximo 5 de diciembre el Tribunal Oral Federal 1 dictar\u00e1 sentencia. Para \u00e9l, la fiscal\u00eda pidi\u00f3 8 meses de prisi\u00f3n en suspenso m\u00e1s inhabilitaci\u00f3n para desempe\u00f1ar cargos p\u00fablicos por el doble de ese tiempo.<\/p>\n\n\n\n<p>En el mismo sentido plantea su v\u00ednculo con los dirigentes sociales Emerenciano Sena y Marcela Acu\u00f1a, y el hijo de estos: C\u00e9sar Sena, condenados el \u00faltimo s\u00e1bado a prisi\u00f3n perpetua por el femicidio de Cecilia Stryzowski.<\/p>\n\n\n\n<p>Esto se da mientras el Senado eval\u00faa los pliegos de los senadores electos, previo a su juramento e incorporaci\u00f3n al cuerpo.<\/p>\n\n\n\n<p>Capitanich, es adem\u00e1s diputado provincial electo en mayo por el frente Chaco Merece M\u00e1s.<\/p>\n\n\n\n<p><strong>S\u00f3lo busca fueros<\/strong><\/p>\n\n\n\n<p>Durante la \u00faltima campa\u00f1a proselitista, desde varios sectores, pero principalmente desde el frente Vamos Chaco, encabezado por la intendente de Laguna Blanca: Claudia Panzardi, presidente del Congreso Provincial del PJ, se acusaba a Capitanich de acumular causas penales y de aspirar a <strong>u<a href=\"https:\/\/hdpnoticias.com.ar\/?p=12418\">na banca con el s\u00f3lo fin de obtener fueros<\/a><\/strong> que le permitan evitar la c\u00e1rcel.<\/p>\n","protected":false},"excerpt":{"rendered":"<p>El exgobernador Jorge Capitanich se prepara para asumir como senador por el Chaco, en representaci\u00f3n de la oposici\u00f3n, electo por el frente kirchnerista Fuerza Patria, pero una presentaci\u00f3n de La Libertad Avanza busca frenar su ingreso a la C\u00e1mara Alta. Rafael Serfaty, dirigente de La Libertad Avanza del Chaco, hizo una presentaci\u00f3n ante el Senado [&hellip;]<\/p>\n","protected":false},"author":1,"featured_media":8483,"comment_status":"open","ping_status":"open","sticky":false,"template":"","format":"standard","meta":{"footnotes":""},"categories":[27],"tags":[29,37,409,4733,4684,798,72,5412],"class_list":["post-12827","post","type-post","status-publish","format-standard","has-post-thumbnail","hentry","category-politica","tag-capitanich","tag-chaco","tag-femicidio","tag-futbol-para-todos","tag-lla","tag-sena","tag-senado","tag-serfaty"],"_links":{"self":[{"href":"http:\/\/hdpnoticias.com.ar\/index.php?rest_route=\/wp\/v2\/posts\/12827","targetHints":{"allow":["GET"]}}],"collection":[{"href":"http:\/\/hdpnoticias.com.ar\/index.php?rest_route=\/wp\/v2\/posts"}],"about":[{"href":"http:\/\/hdpnoticias.com.ar\/index.php?rest_route=\/wp\/v2\/types\/post"}],"author":[{"embeddable":true,"href":"http:\/\/hdpnoticias.com.ar\/index.php?rest_route=\/wp\/v2\/users\/1"}],"replies":[{"embeddable":true,"href":"http:\/\/hdpnoticias.com.ar\/index.php?rest_route=%2Fwp%2Fv2%2Fcomments&post=12827"}],"version-history":[{"count":3,"href":"http:\/\/hdpnoticias.com.ar\/index.php?rest_route=\/wp\/v2\/posts\/12827\/revisions"}],"predecessor-version":[{"id":12831,"href":"http:\/\/hdpnoticias.com.ar\/index.php?rest_route=\/wp\/v2\/posts\/12827\/revisions\/12831"}],"wp:featuredmedia":[{"embeddable":true,"href":"http:\/\/hdpnoticias.com.ar\/index.php?rest_route=\/wp\/v2\/media\/8483"}],"wp:attachment":[{"href":"http:\/\/hdpnoticias.com.ar\/index.php?rest_route=%2Fwp%2Fv2%2Fmedia&parent=12827"}],"wp:term":[{"taxonomy":"category","embeddable":true,"href":"http:\/\/hdpnoticias.com.ar\/index.php?rest_route=%2Fwp%2Fv2%2Fcategories&post=12827"},{"taxonomy":"post_tag","embeddable":true,"href":"http:\/\/hdpnoticias.com.ar\/index.php?rest_route=%2Fwp%2Fv2%2Ftags&post=12827"}],"curies":[{"name":"wp","href":"https:\/\/api.w.org\/{rel}","templated":true}]}}