{"id":12787,"date":"2025-11-15T10:25:00","date_gmt":"2025-11-15T13:25:00","guid":{"rendered":"https:\/\/hdpnoticias.com.ar\/?p=12787"},"modified":"2025-11-16T17:36:49","modified_gmt":"2025-11-16T20:36:49","slug":"mataron-a-un-joven-de-un-tiro-en-la-puerta-de-su-casa-en-plaza","status":"publish","type":"post","link":"http:\/\/hdpnoticias.com.ar\/?p=12787","title":{"rendered":"Mataron a un joven de un tiro en la puerta de su casa en Plaza"},"content":{"rendered":"\n<figure class=\"wp-block-image size-full\"><img loading=\"lazy\" decoding=\"async\" width=\"720\" height=\"90\" src=\"http:\/\/hdpnoticias.com.ar\/wp-content\/uploads\/2024\/05\/Obras-Publicas.gif\" alt=\"\" class=\"wp-image-6818\"\/><\/figure>\n\n\n\n<p>La siesta de este s\u00e1bado una joven llam\u00f3 a la Polic\u00eda cuando encontr\u00f3 a su hermano tendido en la verada de su casa de la calle Belgrano, en Presidencia de la Plaza.<\/p>\n\n\n\n<p>Se trataba de Ismael Oviedo, de 26 a\u00f1os, que se habr\u00eda desplomado al recibir un disparo de arma de fuego.<\/p>\n\n\n\n<p>Fue auxiliado y trasladado al hospital local, desde donde, por la gravedad de su cuadro, fue derivado al hospital 4 de Junio, de Presidencia Roque S\u00e1enz Pe\u00f1a, pero muri\u00f3 en el trayecto.<\/p>\n\n\n\n<p>La Polic\u00eda inici\u00f3 una investigaci\u00f3n para dilucidar lo ocurrido e identificar al autor del ataque, que los testigos reconocieron como \u00c1ngel Monz\u00f3n, apodado \u201cCarpincho\u201d. <\/p>\n\n\n\n<p>Tras recabar informaci\u00f3n, los investigadores supieron que Carpincho hab\u00eda escapado hacia la zona rural de Machagai, donde tendr\u00eda familiares, y fue atrapado al atardecer.<\/p>\n\n\n\n<p><\/p>\n","protected":false},"excerpt":{"rendered":"<p>La siesta de este s\u00e1bado una joven llam\u00f3 a la Polic\u00eda cuando encontr\u00f3 a su hermano tendido en la verada de su casa de la calle Belgrano, en Presidencia de la Plaza. Se trataba de Ismael Oviedo, de 26 a\u00f1os, que se habr\u00eda desplomado al recibir un disparo de arma de fuego. Fue auxiliado y [&hellip;]<\/p>\n","protected":false},"author":1,"featured_media":12788,"comment_status":"open","ping_status":"open","sticky":false,"template":"","format":"standard","meta":{"footnotes":""},"categories":[26],"tags":[275,2537,87,357,95,1569],"class_list":["post-12787","post","type-post","status-publish","format-standard","has-post-thumbnail","hentry","category-policiales","tag-asesinato","tag-carpincho","tag-crimen","tag-plaza","tag-saenz-pena","tag-tiro"],"_links":{"self":[{"href":"http:\/\/hdpnoticias.com.ar\/index.php?rest_route=\/wp\/v2\/posts\/12787","targetHints":{"allow":["GET"]}}],"collection":[{"href":"http:\/\/hdpnoticias.com.ar\/index.php?rest_route=\/wp\/v2\/posts"}],"about":[{"href":"http:\/\/hdpnoticias.com.ar\/index.php?rest_route=\/wp\/v2\/types\/post"}],"author":[{"embeddable":true,"href":"http:\/\/hdpnoticias.com.ar\/index.php?rest_route=\/wp\/v2\/users\/1"}],"replies":[{"embeddable":true,"href":"http:\/\/hdpnoticias.com.ar\/index.php?rest_route=%2Fwp%2Fv2%2Fcomments&post=12787"}],"version-history":[{"count":2,"href":"http:\/\/hdpnoticias.com.ar\/index.php?rest_route=\/wp\/v2\/posts\/12787\/revisions"}],"predecessor-version":[{"id":12799,"href":"http:\/\/hdpnoticias.com.ar\/index.php?rest_route=\/wp\/v2\/posts\/12787\/revisions\/12799"}],"wp:featuredmedia":[{"embeddable":true,"href":"http:\/\/hdpnoticias.com.ar\/index.php?rest_route=\/wp\/v2\/media\/12788"}],"wp:attachment":[{"href":"http:\/\/hdpnoticias.com.ar\/index.php?rest_route=%2Fwp%2Fv2%2Fmedia&parent=12787"}],"wp:term":[{"taxonomy":"category","embeddable":true,"href":"http:\/\/hdpnoticias.com.ar\/index.php?rest_route=%2Fwp%2Fv2%2Fcategories&post=12787"},{"taxonomy":"post_tag","embeddable":true,"href":"http:\/\/hdpnoticias.com.ar\/index.php?rest_route=%2Fwp%2Fv2%2Ftags&post=12787"}],"curies":[{"name":"wp","href":"https:\/\/api.w.org\/{rel}","templated":true}]}}