{"id":12752,"date":"2025-11-12T23:47:00","date_gmt":"2025-11-13T02:47:00","guid":{"rendered":"https:\/\/hdpnoticias.com.ar\/?p=12752"},"modified":"2025-11-13T07:12:07","modified_gmt":"2025-11-13T10:12:07","slug":"femicidio-de-cecilia-marcela-queria-que-capitanich-frene-el-show","status":"publish","type":"post","link":"http:\/\/hdpnoticias.com.ar\/?p=12752","title":{"rendered":"Femicidio de Cecilia: Marcela quer\u00eda que Capitanich \u201cfrene el show\u201d"},"content":{"rendered":"\n<figure class=\"wp-block-image size-full\"><img loading=\"lazy\" decoding=\"async\" width=\"728\" height=\"90\" src=\"http:\/\/hdpnoticias.com.ar\/wp-content\/uploads\/2024\/05\/Nachec.gif\" alt=\"\" class=\"wp-image-6814\"\/><\/figure>\n\n\n\n<p>Marcela Acula ampli\u00f3 su declaraci\u00f3n ante el jurado popular del juicio que enfrenta por el femicidio de Cecilia Strzyzowski, en la que est\u00e1 imputada de part\u00edcipe primario, al igual que su marido, el dirigente piquetero Emerenciano Sena, y que tiene al hijo de ambos: C\u00e9sar Sena, acusado de autor. Tambi\u00e9n est\u00e1ne en el banquillo 4 colaboradores de la familia: Gustavo Obreg\u00f3n, Fabiana Gonz\u00e1lez, Gustavo Melgarejo y Griselda Reynoso.<\/p>\n\n\n\n<p>Aunque el\u00edpticamente, <strong><a href=\"https:\/\/hdpnoticias.com.ar\/?p=12743\">dej\u00f3 en claro que el crimen ocurri\u00f3 en la vivienda familiar de la calle Santa Mar\u00eda de Oro 1460, y que Cecilia fue asesinada por su hijo<\/a><\/strong>. De ah\u00ed parti\u00f3 para confesar que lo encubri\u00f3 \u201cpor amor\u201d y \u201cpara protegerlo\u201d.<\/p>\n\n\n\n<p>Tras explayarse por su cuenta, su defensora le apunt\u00f3 una serie de preguntas para profundizar su declaraci\u00f3n. Entre otras cosas, le pregunt\u00f3 si el viernes 9 de junio, al regresar a su casa y encontrar un allanamiento, intent\u00f3 comunicarse con alguien.<\/p>\n\n\n\n<p>Al parecer s\u00f3lo intent\u00f3 contactarse con una persona: el entonces gobernador Jorge Capitanich, ya que fue el \u00fanico al que mencion\u00f3 en una <strong><a href=\"https:\/\/hdpnoticias.com.ar\/?p=12697\">circunstancia que ya hab\u00eda sido ventilada en la audiencia al exponer como pruebas los mensajes que hab\u00eda intercambiado en ese momento con su mano derecha: Fabiana Gonz\u00e1lez<\/a><\/strong>.<\/p>\n\n\n\n<p>Dijo que le pidi\u00f3 a ella \u201cel n\u00famero de Coqui, o de Capitanich\u201d, pero a pesar de que el chat debi\u00f3 refrescarle la memoria, dijo no recordar el contenido de la declaraci\u00f3n y si finalmente logr\u00f3 comunicarse con \u00e9l.<\/p>\n\n\n\n<p>Seg\u00fan dijo, no pretend\u00eda que Capitanich frenara el allanamiento de su vivienda, sino \u201cque frene el show que se hab\u00eda armado, con todos los medios, y que sigue hasta hoy\u201d, adem\u00e1s de pretender ingresar a su casa.<\/p>\n\n\n\n<p>En el mensaje que le pidi\u00f3 a Fabiana que le enviara a \u201cCoqui\u201d, denunciaba que la Polic\u00eda hab\u00eda \u201csecuestrado a Emerenciano\u201d, y tambi\u00e9n consideraba que el operativo era desproporcionado, y ped\u00eda hablar con los jefes.<\/p>\n\n\n\n<p>En este marco, volvi\u00f3 a percibirse como presa pol\u00edtica, y se quej\u00f3 por lo que entiende como la \u201cutilizaci\u00f3n pol\u00edtica\u201d del caso, que, para ella, termin\u00f3 \u201cderrocando\u201d al gobierno de Capitanich.<\/p>\n\n\n\n<p><strong><a href=\"https:\/\/hdpnoticias.com.ar\/?p=2746\">Al momento del crimen, el 2 de junio de 2023, Emerenciano encabezaba la lista de candidatos a diputados del Partido Socialista Unidos por el Chaco para las Paso, en el Frente Chaque\u00f1o de Capitanich, m\u00e1s abajo iba Obreg\u00f3n, y Marcela era candidata a intendente de Resistencia, y Fabiana candidata a concejal.<\/a><\/strong> Despu\u00e9s del allanamiento y de que todos fueran detenidos, Caipitanich pidi\u00f3 que fueran eliminados de las listas apenas una semana antes de las elecciones.<\/p>\n\n\n\n<iframe loading=\"lazy\" src=\"https:\/\/www.facebook.com\/plugins\/video.php?height=400&#038;href=https%3A%2F%2Fwww.facebook.com%2Freel%2F1538347444175749%2F&#038;show_text=false&#038;width=560&#038;t=0\" width=\"560\" height=\"400\" style=\"border:none;overflow:hidden\" scrolling=\"no\" frameborder=\"0\" allowfullscreen=\"true\" allow=\"autoplay; clipboard-write; encrypted-media; picture-in-picture; web-share\" allowFullScreen=\"true\"><\/iframe>\n","protected":false},"excerpt":{"rendered":"<p>Marcela Acula ampli\u00f3 su declaraci\u00f3n ante el jurado popular del juicio que enfrenta por el femicidio de Cecilia Strzyzowski, en la que est\u00e1 imputada de part\u00edcipe primario, al igual que su marido, el dirigente piquetero Emerenciano Sena, y que tiene al hijo de ambos: C\u00e9sar Sena, acusado de autor. Tambi\u00e9n est\u00e1ne en el banquillo 4 [&hellip;]<\/p>\n","protected":false},"author":1,"featured_media":12753,"comment_status":"open","ping_status":"open","sticky":false,"template":"","format":"standard","meta":{"footnotes":""},"categories":[27],"tags":[29,1813,1875,87,793,409,1787,798,5398],"class_list":["post-12752","post","type-post","status-publish","format-standard","has-post-thumbnail","hentry","category-politica","tag-capitanich","tag-cecilia","tag-coqui","tag-crimen","tag-emerenciano","tag-femicidio","tag-marcela","tag-sena","tag-show"],"_links":{"self":[{"href":"http:\/\/hdpnoticias.com.ar\/index.php?rest_route=\/wp\/v2\/posts\/12752","targetHints":{"allow":["GET"]}}],"collection":[{"href":"http:\/\/hdpnoticias.com.ar\/index.php?rest_route=\/wp\/v2\/posts"}],"about":[{"href":"http:\/\/hdpnoticias.com.ar\/index.php?rest_route=\/wp\/v2\/types\/post"}],"author":[{"embeddable":true,"href":"http:\/\/hdpnoticias.com.ar\/index.php?rest_route=\/wp\/v2\/users\/1"}],"replies":[{"embeddable":true,"href":"http:\/\/hdpnoticias.com.ar\/index.php?rest_route=%2Fwp%2Fv2%2Fcomments&post=12752"}],"version-history":[{"count":2,"href":"http:\/\/hdpnoticias.com.ar\/index.php?rest_route=\/wp\/v2\/posts\/12752\/revisions"}],"predecessor-version":[{"id":12756,"href":"http:\/\/hdpnoticias.com.ar\/index.php?rest_route=\/wp\/v2\/posts\/12752\/revisions\/12756"}],"wp:featuredmedia":[{"embeddable":true,"href":"http:\/\/hdpnoticias.com.ar\/index.php?rest_route=\/wp\/v2\/media\/12753"}],"wp:attachment":[{"href":"http:\/\/hdpnoticias.com.ar\/index.php?rest_route=%2Fwp%2Fv2%2Fmedia&parent=12752"}],"wp:term":[{"taxonomy":"category","embeddable":true,"href":"http:\/\/hdpnoticias.com.ar\/index.php?rest_route=%2Fwp%2Fv2%2Fcategories&post=12752"},{"taxonomy":"post_tag","embeddable":true,"href":"http:\/\/hdpnoticias.com.ar\/index.php?rest_route=%2Fwp%2Fv2%2Ftags&post=12752"}],"curies":[{"name":"wp","href":"https:\/\/api.w.org\/{rel}","templated":true}]}}