{"id":12667,"date":"2025-11-04T19:27:00","date_gmt":"2025-11-04T22:27:00","guid":{"rendered":"https:\/\/hdpnoticias.com.ar\/?p=12667"},"modified":"2025-11-04T21:30:27","modified_gmt":"2025-11-05T00:30:27","slug":"arbitro-y-penitenciario-de-30-anos-murio-entrenando-en-el-jaime-zapata","status":"publish","type":"post","link":"http:\/\/hdpnoticias.com.ar\/?p=12667","title":{"rendered":"\u00c1rbitro y penitenciario de 30 a\u00f1os muri\u00f3 entrenando en el Jaime Zapata"},"content":{"rendered":"\n<figure class=\"wp-block-image size-full\"><img loading=\"lazy\" decoding=\"async\" width=\"720\" height=\"90\" src=\"http:\/\/hdpnoticias.com.ar\/wp-content\/uploads\/2024\/05\/Obras-Publicas.gif\" alt=\"\" class=\"wp-image-6818\"\/><\/figure>\n\n\n\n<p>Julio Iv\u00e1n Ojeda, de 30 a\u00f1os, \u00e1rbitro de la Liga Chaque\u00f1a de F\u00fatbol y cabo del Servicio Penitenciario Provincial, muri\u00f3 s\u00fabitamente la tarde de este martes durante un entrenamiento en el Polideportivo Jaime Zapata, en Resistencia.<\/p>\n\n\n\n<p>Los testigos relataron que Ojeda se descompens\u00f3 y aunque fue r\u00e1pidamente auxiliado no lograron reanimarlo. Fue trasladado al hospital Perrando pero ingres\u00f3 ya sin vida.<\/p>\n\n\n\n<p>La causa de su muerte es materia de investigaci\u00f3n y la fiscal\u00eda en turno instruy\u00f3 que el cuerpo sea sometido a una autopsia en el Instituto de Medicina y Ciencias Forenses.<\/p>\n","protected":false},"excerpt":{"rendered":"<p>Julio Iv\u00e1n Ojeda, de 30 a\u00f1os, \u00e1rbitro de la Liga Chaque\u00f1a de F\u00fatbol y cabo del Servicio Penitenciario Provincial, muri\u00f3 s\u00fabitamente la tarde de este martes durante un entrenamiento en el Polideportivo Jaime Zapata, en Resistencia. Los testigos relataron que Ojeda se descompens\u00f3 y aunque fue r\u00e1pidamente auxiliado no lograron reanimarlo. Fue trasladado al hospital [&hellip;]<\/p>\n","protected":false},"author":1,"featured_media":12668,"comment_status":"open","ping_status":"open","sticky":false,"template":"","format":"standard","meta":{"footnotes":""},"categories":[24],"tags":[3607,4961,3444,40,5384,4973,49,2542],"class_list":["post-12667","post","type-post","status-publish","format-standard","has-post-thumbnail","hentry","category-deportes","tag-arbitro","tag-muerte-subita","tag-ojeda","tag-perrando","tag-polideportivo","tag-referi","tag-resistencia","tag-servicio-penitenciario"],"_links":{"self":[{"href":"http:\/\/hdpnoticias.com.ar\/index.php?rest_route=\/wp\/v2\/posts\/12667","targetHints":{"allow":["GET"]}}],"collection":[{"href":"http:\/\/hdpnoticias.com.ar\/index.php?rest_route=\/wp\/v2\/posts"}],"about":[{"href":"http:\/\/hdpnoticias.com.ar\/index.php?rest_route=\/wp\/v2\/types\/post"}],"author":[{"embeddable":true,"href":"http:\/\/hdpnoticias.com.ar\/index.php?rest_route=\/wp\/v2\/users\/1"}],"replies":[{"embeddable":true,"href":"http:\/\/hdpnoticias.com.ar\/index.php?rest_route=%2Fwp%2Fv2%2Fcomments&post=12667"}],"version-history":[{"count":2,"href":"http:\/\/hdpnoticias.com.ar\/index.php?rest_route=\/wp\/v2\/posts\/12667\/revisions"}],"predecessor-version":[{"id":12670,"href":"http:\/\/hdpnoticias.com.ar\/index.php?rest_route=\/wp\/v2\/posts\/12667\/revisions\/12670"}],"wp:featuredmedia":[{"embeddable":true,"href":"http:\/\/hdpnoticias.com.ar\/index.php?rest_route=\/wp\/v2\/media\/12668"}],"wp:attachment":[{"href":"http:\/\/hdpnoticias.com.ar\/index.php?rest_route=%2Fwp%2Fv2%2Fmedia&parent=12667"}],"wp:term":[{"taxonomy":"category","embeddable":true,"href":"http:\/\/hdpnoticias.com.ar\/index.php?rest_route=%2Fwp%2Fv2%2Fcategories&post=12667"},{"taxonomy":"post_tag","embeddable":true,"href":"http:\/\/hdpnoticias.com.ar\/index.php?rest_route=%2Fwp%2Fv2%2Ftags&post=12667"}],"curies":[{"name":"wp","href":"https:\/\/api.w.org\/{rel}","templated":true}]}}