{"id":12631,"date":"2025-11-01T23:14:00","date_gmt":"2025-11-02T02:14:00","guid":{"rendered":"https:\/\/hdpnoticias.com.ar\/?p=12631"},"modified":"2025-11-02T10:19:10","modified_gmt":"2025-11-02T13:19:10","slug":"marcela-acuna-el-casamiento-es-una-institucion-de-la-burguesia","status":"publish","type":"post","link":"http:\/\/hdpnoticias.com.ar\/?p=12631","title":{"rendered":"Marcela Acu\u00f1a desde la c\u00e1rcel: El casamiento es una instituci\u00f3n de la burgues\u00eda"},"content":{"rendered":"\n<figure class=\"wp-block-image size-full\"><img loading=\"lazy\" decoding=\"async\" width=\"728\" height=\"90\" src=\"http:\/\/hdpnoticias.com.ar\/wp-content\/uploads\/2024\/05\/Nachec.gif\" alt=\"\" class=\"wp-image-6814\"\/><\/figure>\n\n\n\n<p>Marcela Acu\u00f1a habl\u00f3 desde la c\u00e1rcel tras la primera audiencia del juicio por el femicidio de Cecilia Strzyzowski, en el que ella est\u00e1 imputada de part\u00edcipe primario, al igual que su esposo, el dirigente social Emerenciano Sena, y el hijo de ambos: C\u00e9sar, es considerado el principal responsable. Adem\u00e1s, 4 colaboradores de la familia est\u00e1n enjuiciados por encubrimiento.<\/p>\n\n\n\n<p>Entrevistada por Infobae, pidi\u00f3 disculpas a Gloria Romero, la madre de Cecilia, por el dolor que est\u00e1 atravesando, y dijo que, como madre, comprende todo lo que diga y sienta hacia ella, pero neg\u00f3 cualquier imputaci\u00f3n: \u201cYo no comet\u00ed ning\u00fan crimen, y creo que mi familia tampoco\u201d, dijo, pero insinu\u00f3 reiteradamente la responsabilidad de su hijo: \u201cNo s\u00e9 qu\u00e9 pas\u00f3 con C\u00e9sar\u201d.<\/p>\n\n\n\n<p>El Equipo Fiscal Especial entiende que Marcela y Emerenciano ve\u00edan que la relaci\u00f3n de Cecilia con su hijo pon\u00eda en riesgo su poder pol\u00edtico y econ\u00f3mico, y decidieron eliminarla. Ella dijo que el alegado del fiscal Mart\u00edn Bogado estuvo plagado de mentiras y asegur\u00f3 que no sent\u00eda odio hacia Cecilia porque ni siquiera lleg\u00f3 a conocerla.<\/p>\n\n\n\n<p>Seg\u00fan relat\u00f3, tomaron alguna vez \u201cun par de mates\u201d y compartieron la fiesta de recepci\u00f3n de C\u00e9sar, cuando \u00e9ste termin\u00f3 la secundaria y eran novios. Y un par de d\u00edas antes de la muerte de Cecilia los hab\u00eda visto un rato y advirti\u00f3 que \u201chab\u00eda algo que no estaba bien\u201d.<\/p>\n\n\n\n<p>Publicaciones en las redes sociales complementan el recuerdo de Marcela y demuestran que tuvo m\u00e1s contactos con Cecilia. No obstante, ni ella ni Emerenciano asistieron al casamiento en septiembre de 2022. Ella dijo que se enter\u00f3 despu\u00e9s y le pregunt\u00f3 a C\u00e9sar el porqu\u00e9 de la decisi\u00f3n si ni siquiera conoc\u00eda a \u201cesa chica\u201d.<\/p>\n\n\n\n<p>Hasta ah\u00ed, consideraba que Cecilia era \u201cuna chica m\u00e1s, de tantas\u201d de las que podr\u00edan relacionarse con un chico de 17 o 18 a\u00f1os, que \u201cun d\u00eda puede estar con una chica y al otro d\u00eda con un chico\u201d, pero reconoci\u00f3 que siempre le llam\u00f3 la atenci\u00f3n que ella fuera mayor que \u00e9l.<\/p>\n\n\n\n<p>4 d\u00edas despu\u00e9s de casarse, C\u00e9sar y Cecilia iniciaron los tr\u00e1mites de divorcio. Marcela neg\u00f3 haber presionado para que eso ocurra: \u201cFue cosa de ellos\u201d, dijo, y agreg\u00f3 que \u201cde todos modos siguieron juntos\u201d.<\/p>\n\n\n\n<p>No obstante, le quit\u00f3 importancia al casamiento que los fiscales consideran un hecho de suma trascendencia al desentra\u00f1ar el m\u00f3vil del crimen: \u201cEl casamiento es una instituci\u00f3n de la burgues\u00eda, a m\u00ed me da lo mismo un papel que otro\u201d, dijo. Parad\u00f3jicamente, ella y Emerenciano se casaron, cuando C\u00e9sar, al que llamaban \u201cCascotito\u201d, era un ni\u00f1o, y hubo fiesta.<\/p>\n\n\n\n<p>Su boda trascendi\u00f3 mucho m\u00e1s all\u00e1 del \u00e1mbito familiar porque el novio era el dirigente social de mayor peso en la provincia, pero fundamentalmente porque el padrino fue nada m\u00e1s y nada menos que el entonces gobernador Jorge Capitanich.<\/p>\n\n\n\n<p>Y haciendo una especia de mea culpa, insisti\u00f3 en diferenciarse de \u201cla burgues\u00eda\u201d, defini\u00e9ndose como \u201cdirigente social\u201d que estaba todos los d\u00edas en los barrios, lo que quiz\u00e1s la llev\u00f3 a \u201cdescuidar\u201d a C\u00e9sar, al punto de ignorar muchas cosas de \u00e9l, como que durante su relaci\u00f3n con Cecilia ambos recib\u00edan tratamiento psiqui\u00e1trico.<\/p>\n\n\n\n<p>\u201cNo s\u00e9 qu\u00e9 pas\u00f3 con \u00e9l\u201d, reiter\u00f3, y dijo que \u201cno es un asesino\u201d, pero aclar\u00f3: \u201cCon esto no quiero decir que sea inocente\u201d.<\/p>\n","protected":false},"excerpt":{"rendered":"<p>Marcela Acu\u00f1a habl\u00f3 desde la c\u00e1rcel tras la primera audiencia del juicio por el femicidio de Cecilia Strzyzowski, en el que ella est\u00e1 imputada de part\u00edcipe primario, al igual que su esposo, el dirigente social Emerenciano Sena, y el hijo de ambos: C\u00e9sar, es considerado el principal responsable. Adem\u00e1s, 4 colaboradores de la familia est\u00e1n [&hellip;]<\/p>\n","protected":false},"author":1,"featured_media":2960,"comment_status":"open","ping_status":"open","sticky":false,"template":"","format":"standard","meta":{"footnotes":""},"categories":[6,27],"tags":[29,1823,1813,1812,87,106,4965,793,409],"class_list":["post-12631","post","type-post","status-publish","format-standard","has-post-thumbnail","hentry","category-info-general","category-politica","tag-capitanich","tag-casamiento","tag-cecilia","tag-cesar","tag-crimen","tag-dirigente-social","tag-divorcio","tag-emerenciano","tag-femicidio"],"_links":{"self":[{"href":"http:\/\/hdpnoticias.com.ar\/index.php?rest_route=\/wp\/v2\/posts\/12631","targetHints":{"allow":["GET"]}}],"collection":[{"href":"http:\/\/hdpnoticias.com.ar\/index.php?rest_route=\/wp\/v2\/posts"}],"about":[{"href":"http:\/\/hdpnoticias.com.ar\/index.php?rest_route=\/wp\/v2\/types\/post"}],"author":[{"embeddable":true,"href":"http:\/\/hdpnoticias.com.ar\/index.php?rest_route=\/wp\/v2\/users\/1"}],"replies":[{"embeddable":true,"href":"http:\/\/hdpnoticias.com.ar\/index.php?rest_route=%2Fwp%2Fv2%2Fcomments&post=12631"}],"version-history":[{"count":2,"href":"http:\/\/hdpnoticias.com.ar\/index.php?rest_route=\/wp\/v2\/posts\/12631\/revisions"}],"predecessor-version":[{"id":12634,"href":"http:\/\/hdpnoticias.com.ar\/index.php?rest_route=\/wp\/v2\/posts\/12631\/revisions\/12634"}],"wp:featuredmedia":[{"embeddable":true,"href":"http:\/\/hdpnoticias.com.ar\/index.php?rest_route=\/wp\/v2\/media\/2960"}],"wp:attachment":[{"href":"http:\/\/hdpnoticias.com.ar\/index.php?rest_route=%2Fwp%2Fv2%2Fmedia&parent=12631"}],"wp:term":[{"taxonomy":"category","embeddable":true,"href":"http:\/\/hdpnoticias.com.ar\/index.php?rest_route=%2Fwp%2Fv2%2Fcategories&post=12631"},{"taxonomy":"post_tag","embeddable":true,"href":"http:\/\/hdpnoticias.com.ar\/index.php?rest_route=%2Fwp%2Fv2%2Ftags&post=12631"}],"curies":[{"name":"wp","href":"https:\/\/api.w.org\/{rel}","templated":true}]}}