{"id":12558,"date":"2025-10-27T17:49:00","date_gmt":"2025-10-27T20:49:00","guid":{"rendered":"https:\/\/hdpnoticias.com.ar\/?p=12558"},"modified":"2025-10-28T06:37:20","modified_gmt":"2025-10-28T09:37:20","slug":"chico-de-14-anos-asesino-a-un-hombre-en-gancedo-fue-liberado-en-el-acto","status":"publish","type":"post","link":"http:\/\/hdpnoticias.com.ar\/?p=12558","title":{"rendered":"Chico de 14 a\u00f1os asesin\u00f3 a un hombre en Gancedo: fue liberado en el acto"},"content":{"rendered":"\n<figure class=\"wp-block-image size-full\"><img loading=\"lazy\" decoding=\"async\" width=\"720\" height=\"90\" src=\"http:\/\/hdpnoticias.com.ar\/wp-content\/uploads\/2024\/05\/Obras-Publicas.gif\" alt=\"\" class=\"wp-image-6818\"\/><figcaption class=\"wp-element-caption\">Un adolescente mat\u00f3 de una pu\u00f1alada en el pecho a un hombre en Gancedo.<\/figcaption><\/figure>\n\n\n\n<p>Maximiliano Beliz\u00e1n, de 28 a\u00f1os, fue asesinato de una pu\u00f1alada en el pecho este domingo en el barrio 12 de Octubre, de Gancedo.<\/p>\n\n\n\n<p>Fue atacado en medio de un disturbio desatado durante un partido de f\u00fatbol en un predio conocido como \u201cla canchita de Cruz\u201d, minutos antes de las 20.<\/p>\n\n\n\n<p>Gravemente herido, lo trasladaron al hospital local, desde ah\u00ed fue derivado al hospital de Las Bre\u00f1as, pero por la gravedad de la lesi\u00f3n debi\u00f3 ser nuevamente derivado, esta vez al hospital 4 de Junio, de Presidencia Roque S\u00e1enz Pe\u00f1a, donde muri\u00f3 alrededor de las 22:30.<\/p>\n\n\n\n<p>Los testigos identificaron r\u00e1pidamente al agresor como un adolescente de 14 a\u00f1os. \u00c9ste fue localizado y trasladado junto a su madre a la comisar\u00eda. En su poder ten\u00eda el cuchillo que habr\u00eda utilizado en el ataque.<\/p>\n\n\n\n<p>La Fiscal\u00eda de Investigaci\u00f3n N\u00b0 3 de Charata y el Juzgado de Ni\u00f1ez, Adolescencia y Familia N\u00b0 2 dispusieron la intervenci\u00f3n de la Unidad de Protecci\u00f3n Integral (UPI) de Charata, y ordenaron que quedara bajo resguardo de sus progenitores.<\/p>\n","protected":false},"excerpt":{"rendered":"<p>Maximiliano Beliz\u00e1n, de 28 a\u00f1os, fue asesinato de una pu\u00f1alada en el pecho este domingo en el barrio 12 de Octubre, de Gancedo. Fue atacado en medio de un disturbio desatado durante un partido de f\u00fatbol en un predio conocido como \u201cla canchita de Cruz\u201d, minutos antes de las 20. Gravemente herido, lo trasladaron al [&hellip;]<\/p>\n","protected":false},"author":1,"featured_media":12559,"comment_status":"open","ping_status":"open","sticky":false,"template":"","format":"standard","meta":{"footnotes":""},"categories":[26],"tags":[84,5364,87,388,85,2064],"class_list":["post-12558","post","type-post","status-publish","format-standard","has-post-thumbnail","hentry","category-policiales","tag-adolescente","tag-chico","tag-crimen","tag-las-brenas","tag-punalada","tag-saenz-pena-2"],"_links":{"self":[{"href":"http:\/\/hdpnoticias.com.ar\/index.php?rest_route=\/wp\/v2\/posts\/12558","targetHints":{"allow":["GET"]}}],"collection":[{"href":"http:\/\/hdpnoticias.com.ar\/index.php?rest_route=\/wp\/v2\/posts"}],"about":[{"href":"http:\/\/hdpnoticias.com.ar\/index.php?rest_route=\/wp\/v2\/types\/post"}],"author":[{"embeddable":true,"href":"http:\/\/hdpnoticias.com.ar\/index.php?rest_route=\/wp\/v2\/users\/1"}],"replies":[{"embeddable":true,"href":"http:\/\/hdpnoticias.com.ar\/index.php?rest_route=%2Fwp%2Fv2%2Fcomments&post=12558"}],"version-history":[{"count":2,"href":"http:\/\/hdpnoticias.com.ar\/index.php?rest_route=\/wp\/v2\/posts\/12558\/revisions"}],"predecessor-version":[{"id":12564,"href":"http:\/\/hdpnoticias.com.ar\/index.php?rest_route=\/wp\/v2\/posts\/12558\/revisions\/12564"}],"wp:featuredmedia":[{"embeddable":true,"href":"http:\/\/hdpnoticias.com.ar\/index.php?rest_route=\/wp\/v2\/media\/12559"}],"wp:attachment":[{"href":"http:\/\/hdpnoticias.com.ar\/index.php?rest_route=%2Fwp%2Fv2%2Fmedia&parent=12558"}],"wp:term":[{"taxonomy":"category","embeddable":true,"href":"http:\/\/hdpnoticias.com.ar\/index.php?rest_route=%2Fwp%2Fv2%2Fcategories&post=12558"},{"taxonomy":"post_tag","embeddable":true,"href":"http:\/\/hdpnoticias.com.ar\/index.php?rest_route=%2Fwp%2Fv2%2Ftags&post=12558"}],"curies":[{"name":"wp","href":"https:\/\/api.w.org\/{rel}","templated":true}]}}