{"id":12256,"date":"2025-09-29T10:34:00","date_gmt":"2025-09-29T13:34:00","guid":{"rendered":"https:\/\/hdpnoticias.com.ar\/?p=12256"},"modified":"2025-09-29T22:41:00","modified_gmt":"2025-09-30T01:41:00","slug":"una-motociclista-y-su-pequeno-hijo-murieron-atropellados-en-las-brenas","status":"publish","type":"post","link":"http:\/\/hdpnoticias.com.ar\/?p=12256","title":{"rendered":"Una motociclista y su peque\u00f1o hijo murieron atropellados en Las Bre\u00f1as"},"content":{"rendered":"\n<figure class=\"wp-block-image size-full\"><img loading=\"lazy\" decoding=\"async\" width=\"720\" height=\"90\" src=\"http:\/\/hdpnoticias.com.ar\/wp-content\/uploads\/2024\/05\/Copy-of-720x90-1.gif\" alt=\"\" class=\"wp-image-6806\"\/><\/figure>\n\n\n\n<p>B\u00e1rbara Maidana, de 28 a\u00f1os, y su hijo de 6 murieron en un siniestro vial en el paraje Pampa Ipor\u00e1 Guaz\u00fa, en la zona rural de Las bre\u00f1as, la noche del domingo.<\/p>\n\n\n\n<p>Alrededor de las 23, viajaba en una Motomel de 110ccc, con sus hijos de 8, 6 y 4 a\u00f1os como acompa\u00f1antes. Junto a ellos lo hac\u00eda otra mujer de 30 a\u00f1os, que en una Keller de 110cc. trasladaba a sus hijos de 14, 8 y 2.<\/p>\n\n\n\n<p>En un momento se toparon con una Toyota Hilux que las embisti\u00f3 frontalmente.<\/p>\n\n\n\n<p>Producto del impacto, el peque\u00f1o de 6 a\u00f1os muri\u00f3 en el acto. Ella fue auxiliada y trasladada primero al hospital de Las Bre\u00f1as, y despu\u00e9s derivada al 4 de Junio, de Presidencia Roque S\u00e1enz Pe\u00f1a, junto al menor de sus hijos que sufri\u00f3 fractura de tibia y peron\u00e9 de la pierna derecha, pero ella arrib\u00f3 ya sin vida.<\/p>\n\n\n\n<p>Los 4 ocupantes de la otra moto resultaron ilesos.<\/p>\n\n\n\n<p>El conductor de la camioneta, de 54 a\u00f1os, domiciliado en Las Bre\u00f1as, fue imputado de doble homicidio culposo en accidente de tr\u00e1nsito.<\/p>\n\n\n\n<p>Los peritos intentan determinar las causas y la mec\u00e1nica del siniestro.<\/p>\n","protected":false},"excerpt":{"rendered":"<p>B\u00e1rbara Maidana, de 28 a\u00f1os, y su hijo de 6 murieron en un siniestro vial en el paraje Pampa Ipor\u00e1 Guaz\u00fa, en la zona rural de Las bre\u00f1as, la noche del domingo. Alrededor de las 23, viajaba en una Motomel de 110ccc, con sus hijos de 8, 6 y 4 a\u00f1os como acompa\u00f1antes. Junto a [&hellip;]<\/p>\n","protected":false},"author":1,"featured_media":12257,"comment_status":"open","ping_status":"open","sticky":false,"template":"","format":"standard","meta":{"footnotes":""},"categories":[26],"tags":[391,1308,388,78,95,541,390,100],"class_list":["post-12256","post","type-post","status-publish","format-standard","has-post-thumbnail","hentry","category-policiales","tag-hilux","tag-keller","tag-las-brenas","tag-motomel","tag-saenz-pena","tag-siniestro","tag-toyota","tag-tragedia"],"_links":{"self":[{"href":"http:\/\/hdpnoticias.com.ar\/index.php?rest_route=\/wp\/v2\/posts\/12256","targetHints":{"allow":["GET"]}}],"collection":[{"href":"http:\/\/hdpnoticias.com.ar\/index.php?rest_route=\/wp\/v2\/posts"}],"about":[{"href":"http:\/\/hdpnoticias.com.ar\/index.php?rest_route=\/wp\/v2\/types\/post"}],"author":[{"embeddable":true,"href":"http:\/\/hdpnoticias.com.ar\/index.php?rest_route=\/wp\/v2\/users\/1"}],"replies":[{"embeddable":true,"href":"http:\/\/hdpnoticias.com.ar\/index.php?rest_route=%2Fwp%2Fv2%2Fcomments&post=12256"}],"version-history":[{"count":1,"href":"http:\/\/hdpnoticias.com.ar\/index.php?rest_route=\/wp\/v2\/posts\/12256\/revisions"}],"predecessor-version":[{"id":12258,"href":"http:\/\/hdpnoticias.com.ar\/index.php?rest_route=\/wp\/v2\/posts\/12256\/revisions\/12258"}],"wp:featuredmedia":[{"embeddable":true,"href":"http:\/\/hdpnoticias.com.ar\/index.php?rest_route=\/wp\/v2\/media\/12257"}],"wp:attachment":[{"href":"http:\/\/hdpnoticias.com.ar\/index.php?rest_route=%2Fwp%2Fv2%2Fmedia&parent=12256"}],"wp:term":[{"taxonomy":"category","embeddable":true,"href":"http:\/\/hdpnoticias.com.ar\/index.php?rest_route=%2Fwp%2Fv2%2Fcategories&post=12256"},{"taxonomy":"post_tag","embeddable":true,"href":"http:\/\/hdpnoticias.com.ar\/index.php?rest_route=%2Fwp%2Fv2%2Ftags&post=12256"}],"curies":[{"name":"wp","href":"https:\/\/api.w.org\/{rel}","templated":true}]}}