{"id":12218,"date":"2025-09-24T21:05:09","date_gmt":"2025-09-25T00:05:09","guid":{"rendered":"https:\/\/hdpnoticias.com.ar\/?p=12218"},"modified":"2025-09-24T21:06:06","modified_gmt":"2025-09-25T00:06:06","slug":"desde-el-banquillo-marcela-acuna-pide-la-libertad-de-tito-lopez","status":"publish","type":"post","link":"http:\/\/hdpnoticias.com.ar\/?p=12218","title":{"rendered":"Desde el banquillo Marcela Acu\u00f1a pide la libertad de Tito L\u00f3pez"},"content":{"rendered":"\n<figure class=\"wp-block-image size-full\"><img loading=\"lazy\" decoding=\"async\" width=\"720\" height=\"90\" src=\"http:\/\/hdpnoticias.com.ar\/wp-content\/uploads\/2024\/05\/Obras-Publicas.gif\" alt=\"\" class=\"wp-image-6818\"\/><\/figure>\n\n\n\n<p>La C\u00e1mara Tercera en lo Criminal, de Resistencia, fue escenario este mi\u00e9rcoles de otra audiencia preparatoria para el juicio por jurado en la causa por el femicidio de Cecilia Strzysowski, perpetrado en junio de 2023, que tiene como principal imputado a su expareja: C\u00e9sar Sena, y a los padres de este: Emerenciano Sena y Marcela Acu\u00f1a, como part\u00edcipes necesarios.<\/p>\n\n\n\n<p>En el inicio se suscitaron una serie de incidentes por la protesta que decidi\u00f3 llevar adelante Marcela, con pancartas, denunciando torturas y maltrato tanto en su lugar de detenci\u00f3n como en el traslado a las audiencias.<\/p>\n\n\n\n<p>Por este motivo, hab\u00eda iniciado una huelga de hambre de la que desisti\u00f3 en los \u00faltimos d\u00edas \u201cpara durar un poco m\u00e1s\u201d y para acompa\u00f1ar a otras detenidas que protestan de la misma manera, seg\u00fan narr\u00f3 en una carta dirigida a su hermana Patricia, que pidi\u00f3 \u201cviralizar\u201d.<\/p>\n\n\n\n<p>La actitud de Marcela en la audiencia llev\u00f3 a la intervenci\u00f3n de las guardias, que le retiraron carteles, un cuaderno con anotaciones y un libro que hab\u00eda llevado. Esto enardeci\u00f3 tambi\u00e9n a Emerenciano, que golpe\u00f3 la mesa enfurecido.<\/p>\n\n\n\n<p>Finalmente, tras una charla de la jueza Dolly Fern\u00e1ndez con los abogados, el tr\u00e1mite retom\u00f3 su curso.<\/p>\n\n\n\n<p>Entre los carteles exhibidos por la dirigente social, se destacaba uno que clamaba \u201cLibertad a Tito L\u00f3pez\u201d, en respaldo a la situaci\u00f3n que atraviesa el l\u00edder del movimiento piquetero 17 de Julio, detenido, al igual que su esposa y los 3 hijos de ambos, sindicados por el fiscal federal Patricio Sabadini, como <strong><a href=\"https:\/\/hdpnoticias.com.ar\/?p=8655\">integrantes de una asociaci\u00f3n il\u00edcita creada para desviar y apropiarse de fondos p\u00fablicos destinados a la asistencia social y lavado de dinero<\/a><\/strong>.<\/p>\n\n\n\n<p>Antes de ser detenido, <strong><a href=\"https:\/\/hdpnoticias.com.ar\/?p=3294\">L\u00f3pez hab\u00eda reclamado la liberaci\u00f3n de Emerenciano<\/a><\/strong> y Marcela, considerando que el argumento para su detenci\u00f3n en el Caso Cecilia era pol\u00edtico. De aquellas marchas tambi\u00e9n participaba otro l\u00edder piquetero: Quint\u00edn G\u00f3mez, que tambi\u00e9n termin\u00f3 detenido, <strong><a href=\"https:\/\/hdpnoticias.com.ar\/?p=9529\">acusado de abuso sexual, que finalmente recibi\u00f3 una pena en suspenso en un juicio abreviado<\/a><\/strong>.<\/p>\n","protected":false},"excerpt":{"rendered":"<p>La C\u00e1mara Tercera en lo Criminal, de Resistencia, fue escenario este mi\u00e9rcoles de otra audiencia preparatoria para el juicio por jurado en la causa por el femicidio de Cecilia Strzysowski, perpetrado en junio de 2023, que tiene como principal imputado a su expareja: C\u00e9sar Sena, y a los padres de este: Emerenciano Sena y Marcela [&hellip;]<\/p>\n","protected":false},"author":1,"featured_media":12219,"comment_status":"open","ping_status":"open","sticky":false,"template":"","format":"standard","meta":{"footnotes":""},"categories":[27],"tags":[29,1813,87,793,409,1928,1787,1862,1024,2035],"class_list":["post-12218","post","type-post","status-publish","format-standard","has-post-thumbnail","hentry","category-politica","tag-capitanich","tag-cecilia","tag-crimen","tag-emerenciano","tag-femicidio","tag-juicio-por-jurado","tag-marcela","tag-piquetero","tag-sabadini","tag-tito"],"_links":{"self":[{"href":"http:\/\/hdpnoticias.com.ar\/index.php?rest_route=\/wp\/v2\/posts\/12218","targetHints":{"allow":["GET"]}}],"collection":[{"href":"http:\/\/hdpnoticias.com.ar\/index.php?rest_route=\/wp\/v2\/posts"}],"about":[{"href":"http:\/\/hdpnoticias.com.ar\/index.php?rest_route=\/wp\/v2\/types\/post"}],"author":[{"embeddable":true,"href":"http:\/\/hdpnoticias.com.ar\/index.php?rest_route=\/wp\/v2\/users\/1"}],"replies":[{"embeddable":true,"href":"http:\/\/hdpnoticias.com.ar\/index.php?rest_route=%2Fwp%2Fv2%2Fcomments&post=12218"}],"version-history":[{"count":1,"href":"http:\/\/hdpnoticias.com.ar\/index.php?rest_route=\/wp\/v2\/posts\/12218\/revisions"}],"predecessor-version":[{"id":12220,"href":"http:\/\/hdpnoticias.com.ar\/index.php?rest_route=\/wp\/v2\/posts\/12218\/revisions\/12220"}],"wp:featuredmedia":[{"embeddable":true,"href":"http:\/\/hdpnoticias.com.ar\/index.php?rest_route=\/wp\/v2\/media\/12219"}],"wp:attachment":[{"href":"http:\/\/hdpnoticias.com.ar\/index.php?rest_route=%2Fwp%2Fv2%2Fmedia&parent=12218"}],"wp:term":[{"taxonomy":"category","embeddable":true,"href":"http:\/\/hdpnoticias.com.ar\/index.php?rest_route=%2Fwp%2Fv2%2Fcategories&post=12218"},{"taxonomy":"post_tag","embeddable":true,"href":"http:\/\/hdpnoticias.com.ar\/index.php?rest_route=%2Fwp%2Fv2%2Ftags&post=12218"}],"curies":[{"name":"wp","href":"https:\/\/api.w.org\/{rel}","templated":true}]}}