{"id":11854,"date":"2025-08-11T23:55:00","date_gmt":"2025-08-12T02:55:00","guid":{"rendered":"https:\/\/hdpnoticias.com.ar\/?p=11854"},"modified":"2025-08-12T06:01:54","modified_gmt":"2025-08-12T09:01:54","slug":"proyecto-de-ley-para-obligar-a-la-legislatura-a-sesionar-en-el-interior","status":"publish","type":"post","link":"http:\/\/hdpnoticias.com.ar\/?p=11854","title":{"rendered":"Proyecto de ley para obligar a la Legislatura a sesionar en el interior"},"content":{"rendered":"\n<figure class=\"wp-block-image size-full\"><img loading=\"lazy\" decoding=\"async\" width=\"728\" height=\"90\" src=\"http:\/\/hdpnoticias.com.ar\/wp-content\/uploads\/2024\/05\/Nachec.gif\" alt=\"\" class=\"wp-image-6814\"\/><\/figure>\n\n\n\n<p>El diputado Rub\u00e9n Guill\u00f3n, del bloque Chaco Merece M\u00e1s, present\u00f3 un proyecto de ley para que la C\u00e1mara de Diputados de la Provincia sesione obligatoriamente al menos una vez por mes en el interior.<\/p>\n\n\n\n<p>Para esto, propone reformar el Reglamento Interno del Poder Legislativo, para especificar esta situaci\u00f3n como una de las excepciones en las cuales se habilita la sesi\u00f3n fuera del recinto ubicado en la capital provincial.<\/p>\n\n\n\n<p>La iniciativa impone la determinaci\u00f3n de un calendario anual con al menos una sesi\u00f3n mensual, en la que la Legislatura se constituir\u00e1 en las ciudades cabecera de departamentos.<\/p>\n\n\n\n<p>Al fundamentar, expresa su convicci\u00f3n de que de esta manera no s\u00f3lo se promueve la descentralizaci\u00f3n, sino que se apunta a la igualdad y equidad de todos los chaque\u00f1os en la relaci\u00f3n con sus diputados, adem\u00e1s de abonar al federalismo, principalmente por la \u00b4posibilidad de abordar tem\u00e1ticas espec\u00edficas de cada regi\u00f3n.<\/p>\n\n\n\n<p><strong>Hay antecedentes<\/strong><\/p>\n\n\n\n<p>La C\u00e1mara de Diputados itinerante no ser\u00eda una novedad. Durante la presidencia de \u00c9lida Cuesta, los diputados ya sesionaban peri\u00f3dicamente en el interior provincial con los mismos argumentos se\u00f1alados por Guill\u00f3n.<\/p>\n\n\n\n<p>En aquellas oportunidades, algunos diputados expresaron su rechazo por considerarlo inconstitucional y no acud\u00edan.<\/p>\n","protected":false},"excerpt":{"rendered":"<p>El diputado Rub\u00e9n Guill\u00f3n, del bloque Chaco Merece M\u00e1s, present\u00f3 un proyecto de ley para que la C\u00e1mara de Diputados de la Provincia sesione obligatoriamente al menos una vez por mes en el interior. Para esto, propone reformar el Reglamento Interno del Poder Legislativo, para especificar esta situaci\u00f3n como una de las excepciones en las [&hellip;]<\/p>\n","protected":false},"author":1,"featured_media":8990,"comment_status":"open","ping_status":"open","sticky":false,"template":"","format":"standard","meta":{"footnotes":""},"categories":[27],"tags":[4686,71,5150,4713,2864,5149],"class_list":["post-11854","post","type-post","status-publish","format-standard","has-post-thumbnail","hentry","category-politica","tag-chaco-merece-mas","tag-diputados","tag-federalismo","tag-guillon","tag-interior","tag-legisaltura"],"_links":{"self":[{"href":"http:\/\/hdpnoticias.com.ar\/index.php?rest_route=\/wp\/v2\/posts\/11854","targetHints":{"allow":["GET"]}}],"collection":[{"href":"http:\/\/hdpnoticias.com.ar\/index.php?rest_route=\/wp\/v2\/posts"}],"about":[{"href":"http:\/\/hdpnoticias.com.ar\/index.php?rest_route=\/wp\/v2\/types\/post"}],"author":[{"embeddable":true,"href":"http:\/\/hdpnoticias.com.ar\/index.php?rest_route=\/wp\/v2\/users\/1"}],"replies":[{"embeddable":true,"href":"http:\/\/hdpnoticias.com.ar\/index.php?rest_route=%2Fwp%2Fv2%2Fcomments&post=11854"}],"version-history":[{"count":1,"href":"http:\/\/hdpnoticias.com.ar\/index.php?rest_route=\/wp\/v2\/posts\/11854\/revisions"}],"predecessor-version":[{"id":11855,"href":"http:\/\/hdpnoticias.com.ar\/index.php?rest_route=\/wp\/v2\/posts\/11854\/revisions\/11855"}],"wp:featuredmedia":[{"embeddable":true,"href":"http:\/\/hdpnoticias.com.ar\/index.php?rest_route=\/wp\/v2\/media\/8990"}],"wp:attachment":[{"href":"http:\/\/hdpnoticias.com.ar\/index.php?rest_route=%2Fwp%2Fv2%2Fmedia&parent=11854"}],"wp:term":[{"taxonomy":"category","embeddable":true,"href":"http:\/\/hdpnoticias.com.ar\/index.php?rest_route=%2Fwp%2Fv2%2Fcategories&post=11854"},{"taxonomy":"post_tag","embeddable":true,"href":"http:\/\/hdpnoticias.com.ar\/index.php?rest_route=%2Fwp%2Fv2%2Ftags&post=11854"}],"curies":[{"name":"wp","href":"https:\/\/api.w.org\/{rel}","templated":true}]}}